{"id":11627,"date":"2022-06-24T16:45:43","date_gmt":"2022-06-24T19:45:43","guid":{"rendered":"http:\/\/dgospel.com.br\/portal\/?p=11627"},"modified":"2022-06-24T16:45:44","modified_gmt":"2022-06-24T19:45:44","slug":"durante-corrida-da-tocha-governo-do-tocantins-anuncia-mais-uma-unidade-do-corpo-de-bombeiros-no-estado","status":"publish","type":"post","link":"https:\/\/dgospel.com.br\/portal\/index.php\/2022\/06\/24\/durante-corrida-da-tocha-governo-do-tocantins-anuncia-mais-uma-unidade-do-corpo-de-bombeiros-no-estado\/","title":{"rendered":"Durante Corrida da Tocha, Governo do Tocantins anuncia mais uma unidade do Corpo de Bombeiros no Estado"},"content":{"rendered":"\n<p>Integra\u00e7\u00e3o entre diversas corpora\u00e7\u00f5es de For\u00e7as de Seguran\u00e7a do Tocantins ocorreu na manh\u00e3 desta sexta-feira, 24, na Corrida da Tocha, organizada pelo Governo do Tocantins, por meio do Corpo de Bombeiros. Essa a\u00e7\u00e3o de uni\u00e3o, que teve in\u00edcio no Pal\u00e1cio Araguaia, faz parte da abertura da Semana dos Bombeiros, que tamb\u00e9m recebe a Corrida do Fogo.<\/p>\n\n\n\n<p>Na ocasi\u00e3o, o governador Wanderlei Barbosa exaltou a import\u00e2ncia dos bombeiros no cotidiano dos tocantinenses, a ajuda da corpora\u00e7\u00e3o no programa<em>&nbsp;Foco no Fogo<\/em>, que tem o objetivo de conscientizar a popula\u00e7\u00e3o sobre os riscos e os preju\u00edzos causados pelas queimadas irregulares, principalmente nesta \u00e9poca do ano, per\u00edodo de estiagem, e falou da cria\u00e7\u00e3o de uma unidade do Corpo de Bombeiros Militar, em Guara\u00ed, fazendo parte da comemora\u00e7\u00e3o do Dia Nacional do Bombeiros.<\/p>\n\n\n\n<p>\u201cEssa integra\u00e7\u00e3o das For\u00e7as de Seguran\u00e7a \u00e9 importante para o nosso Estado, para o nosso territ\u00f3rio e, especialmente, para o Corpo de Bombeiros, que come\u00e7a a comemorar a semana da corpora\u00e7\u00e3o. Ent\u00e3o, quero desejar uma boa corrida e uma \u00f3tima programa\u00e7\u00e3o a voc\u00eas. E que possamos dentro desta semana inaugurar e lan\u00e7ar obras consider\u00e1veis para o Corpo de Bombeiros, que tem uma miss\u00e3o respeit\u00e1vel para todos n\u00f3s\u201d, ressaltou o Chefe do Executivo Estadual.<\/p>\n\n\n\n<p><strong>Corrida da Tocha<\/strong><\/p>\n\n\n\n<p>A Corrida da Tocha \u00e9 uma maratona simb\u00f3lica que integra for\u00e7as de seguran\u00e7a importantes para o estado do Tocantins. A edi\u00e7\u00e3o, que ocorreu na manh\u00e3 desta sexta-feira, 24, contou com a participa\u00e7\u00e3o, al\u00e9m dos novos integrantes do Corpo de Bombeiros, dos novatos da Pol\u00edcia Militar, da Guarda Metropolitana de Palmas, do Ex\u00e9rcito, da Marinha e da Pol\u00edcia Federal, conforme informou o tenente-coronel Erisvaldo Alves.<\/p>\n\n\n\n<p>\u201c\u00c9 um evento realizado h\u00e1 mais de 15 anos e que havia sido suspenso por dois anos em decorr\u00eancia da pandemia do novo coronav\u00edrus. A Corrida da Tocha \u00e9 muito simb\u00f3lica para os bombeiros, porque no dia 2 de junho \u00e9 comemorado o Dia Nacional dos Bombeiros. E tamb\u00e9m temos a Corrida do Fogo, que \u00e9 uma das maiores do Estado e \u00e9 aberta ao p\u00fablico em geral\u201d, explicou o tenente-coronel.<\/p>\n\n\n\n<p>Para o bombeiro Lucas Jos\u00e9 Guimar\u00e3es, que ingressou na corpora\u00e7\u00e3o ap\u00f3s concurso realizado no ano passado pelo Governo do Tocantins, o momento foi de agregar e fortalecer a corpora\u00e7\u00e3o, tanto pelo melhoramento f\u00edsico de cada participante quanto pela prepara\u00e7\u00e3o da entidade para servir a sociedade.<\/p>\n\n\n\n<p>O percurso total da Corrida da Tocha teve circuito em torno de 5 km, passando pelas avenidas JK, NS-04, LO-01, Teot\u00f4nio Segurado e LO-09, com chegada \u00e0 sede do Quartel do Comando Geral do Corpo de Bombeiros Militar.<\/p>\n\n\n\n<p><strong>15\u00aa Corrida do Fogo<\/strong><br><br>Com todas as vagas preenchidas, esta ser\u00e1 a 15\u00aa edi\u00e7\u00e3o da Corrida do Fogo, que ficou dois anos suspensa por causa da pandemia causada pela covid-19. A prova ter\u00e1 percurso de 5 km e 10 km. O Corpo de Bombeiros Militar confirmou que mais de mil pessoas garantiram seus espa\u00e7os nos percursos.&nbsp;<\/p>\n\n\n\n<p>A maratona ocorre no dia 2 de julho, Dia Nacional do Bombeiro Militar, ainda como parte da programa\u00e7\u00e3o da celebra\u00e7\u00e3o dos 30 anos de funda\u00e7\u00e3o da corpora\u00e7\u00e3o tocantinense.<\/p>\n\n\n\n<p><\/p>\n\n\n\n<p><img src=\"https:\/\/central.to.gov.br\/image\/297283?w=670&amp;h=383\"><\/p>\n\n\n\n<p>O bombeiro Lucas Jos\u00e9 Guimar\u00e3es fala da import\u00e2ncia da participa\u00e7\u00e3o da corpora\u00e7\u00e3o na Corrida da Tocha, que reuniu tamb\u00e9m Pol\u00edcia Militar, Guarda Metropolitana de Palmas, Ex\u00e9rcito, Marinha e Pol\u00edcia Federal &#8211; Tharson Lopes\/Governo do Tocantins\u00a0<\/p>\n\n\n\n<p><img src=\"https:\/\/central.to.gov.br\/image\/297281?w=670&amp;h=383\"><\/p>\n\n\n\n<p>O tenente-coronel Erisvaldo Alves explicou que a Corrida da Tocha faz parte da Semana dos Bombeiros, que contar\u00e1, ainda, com a Corrida do Fogo &#8211; Tharson Lopes\/Governo do Tocantins\u00a0<\/p>\n\n\n\n<p><img src=\"https:\/\/central.to.gov.br\/image\/297280?w=670&amp;h=383\"><\/p>\n\n\n\n<p>Corrida da Tocha \u00e9 uma maratona simb\u00f3lica que integra for\u00e7as de seguran\u00e7a importantes para o Estado do Tocantins &#8211; Tharson Lopes\/Governo do Tocantins\u00a0<\/p>\n\n\n\n<p><img src=\"https:\/\/central.to.gov.br\/image\/297279?w=670&amp;h=383\"><\/p>\n\n\n\n<p>Com todas as vagas preenchidas, esta ser\u00e1 a 15\u00aa edi\u00e7\u00e3o da Corrida do Fogo, que ficou dois anos suspensa por causa da covid-19 &#8211; Tharson Lopes\/Governo do Tocantins<\/p>\n\n\n\n<p><img src=\"https:\/\/central.to.gov.br\/image\/297285?w=670&amp;h=383\"><\/p>\n\n\n\n<p>Evento ocorreu na manh\u00e3 desta sexta, 24, reunindo novos integrantes de For\u00e7as de Seguran\u00e7a, para dar in\u00edcio \u00e0 Semana dos Bombeiros &#8211; Tharson Lopes\/Governo do Tocantins<\/p>\n","protected":false},"excerpt":{"rendered":"<p>Integra\u00e7\u00e3o entre diversas corpora\u00e7\u00f5es de For\u00e7as de Seguran\u00e7a do Tocantins ocorreu na manh\u00e3 desta sexta-feira, 24, na Corrida da Tocha, organizada pelo Governo do Tocantins, por meio do Corpo de Bombeiros. Essa a\u00e7\u00e3o de uni\u00e3o, que teve in\u00edcio no Pal\u00e1cio Araguaia, faz parte da abertura da Semana dos Bombeiros, que tamb\u00e9m recebe a Corrida do [&hellip;]<\/p>\n","protected":false},"author":2,"featured_media":11628,"comment_status":"open","ping_status":"open","sticky":false,"template":"","format":"standard","meta":[],"categories":[10],"tags":[13],"_links":{"self":[{"href":"https:\/\/dgospel.com.br\/portal\/index.php\/wp-json\/wp\/v2\/posts\/11627"}],"collection":[{"href":"https:\/\/dgospel.com.br\/portal\/index.php\/wp-json\/wp\/v2\/posts"}],"about":[{"href":"https:\/\/dgospel.com.br\/portal\/index.php\/wp-json\/wp\/v2\/types\/post"}],"author":[{"embeddable":true,"href":"https:\/\/dgospel.com.br\/portal\/index.php\/wp-json\/wp\/v2\/users\/2"}],"replies":[{"embeddable":true,"href":"https:\/\/dgospel.com.br\/portal\/index.php\/wp-json\/wp\/v2\/comments?post=11627"}],"version-history":[{"count":1,"href":"https:\/\/dgospel.com.br\/portal\/index.php\/wp-json\/wp\/v2\/posts\/11627\/revisions"}],"predecessor-version":[{"id":11629,"href":"https:\/\/dgospel.com.br\/portal\/index.php\/wp-json\/wp\/v2\/posts\/11627\/revisions\/11629"}],"wp:featuredmedia":[{"embeddable":true,"href":"https:\/\/dgospel.com.br\/portal\/index.php\/wp-json\/wp\/v2\/media\/11628"}],"wp:attachment":[{"href":"https:\/\/dgospel.com.br\/portal\/index.php\/wp-json\/wp\/v2\/media?parent=11627"}],"wp:term":[{"taxonomy":"category","embeddable":true,"href":"https:\/\/dgospel.com.br\/portal\/index.php\/wp-json\/wp\/v2\/categories?post=11627"},{"taxonomy":"post_tag","embeddable":true,"href":"https:\/\/dgospel.com.br\/portal\/index.php\/wp-json\/wp\/v2\/tags?post=11627"}],"curies":[{"name":"wp","href":"https:\/\/api.w.org\/{rel}","templated":true}]}}