{"id":11636,"date":"2022-06-27T12:48:28","date_gmt":"2022-06-27T15:48:28","guid":{"rendered":"http:\/\/dgospel.com.br\/portal\/?p=11636"},"modified":"2022-06-27T12:48:30","modified_gmt":"2022-06-27T15:48:30","slug":"em-discurso-na-marcha-para-jesus-bolsonaro-se-preocupa-com-rumos-do-brasil","status":"publish","type":"post","link":"https:\/\/dgospel.com.br\/portal\/index.php\/2022\/06\/27\/em-discurso-na-marcha-para-jesus-bolsonaro-se-preocupa-com-rumos-do-brasil\/","title":{"rendered":"Em discurso na Marcha para Jesus, Bolsonaro se preocupa com rumos do Brasil"},"content":{"rendered":"\n<p>O presidente Jair Bolsonaro (PL), afirmou, neste s\u00e1bado (25), durante discurso no evento religioso Marcha para Jesus\u201d, em Balne\u00e1rio Cambori\u00fa, Santa Catarina, que se o Brasil for para o lado da esquerda neste pleito vai entrar em um \u201ctrenzinho\u201d que se inicia com a Venezuela e acaba com a Col\u00f4mbia.<\/p>\n\n\n\n<p>A declara\u00e7\u00e3o foi uma refer\u00eancia \u00e0 vit\u00f3ria do representante da esquerda, Gustavo Petro, nas elei\u00e7\u00f5es presidenciais da Col\u00f4mbia no \u00faltimo domingo (19). Para Bolsonaro, atualmente o servi\u00e7o mais procurado na Col\u00f4mbia s\u00e3o as emiss\u00f5es de passaporte, pois \u201cs\u00e3o pessoas que j\u00e1 pensam em abandonar seu pa\u00eds\u201d.<\/p>\n\n\n\n<p>\u2013 As pessoas precisam ser alertadas de que se o Brasil ir para o lado da esquerda, n\u00f3s entraremos num trenzinho que come\u00e7a com a Venezuela, passa pela Argentina, vai no Chile, e o pen\u00faltimo vag\u00e3o est\u00e1 sendo a Col\u00f4mbia \u2013 apontou.<\/p>\n\n\n\n<p>Ao derrotar Rodolfo Hern\u00e1ndez na vota\u00e7\u00e3o, o ex-guerrilheiro Gustavo Petro se tornou o mais novo representante do que alguns analistas j\u00e1 consideram uma \u201cnova onda rosa\u201d \u2013 refer\u00eancia ao movimento pol\u00edtico e eleitoral que levou l\u00edderes de esquerda ao comando dos principais pa\u00edses do continente latino-americano na virada do mil\u00eanio.<\/p>\n\n\n\n<p>Segundo analistas, trata-se de uma \u201cmudan\u00e7a de mar\u00e9\u201d provocada pelo descontentamento com governantes anteriores.<\/p>\n\n\n\n<p>O presidente seguiu criticando os governo de esquerda na Am\u00e9rica Latina.<\/p>\n\n\n\n<p>\u2013 Olha a Venezuela, pa\u00eds que tem as maiores reservas de petr\u00f3leo, terreno rico, mas com a p\u00e9ssima administra\u00e7\u00e3o passou a ter um povo pobre. As pessoas fogem daquele rico pa\u00eds que come\u00e7ou a ser mal administrado h\u00e1 20 anos \u2013 ressaltou.<\/p>\n\n\n\n<p>Seguindo seu alerta ao povo, Bolsonaro afirmou que para evitar que situa\u00e7\u00f5es aconte\u00e7am no Brasil como as citadas por ele no pa\u00eds vizinho governado pela esquerda, \u00e9 preciso evitar que a bandeira do pa\u00eds se torne vermelha.<\/p>\n\n\n\n<p>\u2013 N\u00f3s sabemos o que queremos, e n\u00e3o podemos aceitar passivamente aqueles que querem impor sua vontade sobre n\u00f3s. Parece que estamos perto de Dubai [se referindo ao Balne\u00e1rio Cambori\u00fa], mas para perdermos essa pomposidade, basta pintarem nossa bandeira de vermelho \u2013 criticou o presidente.<\/p>\n\n\n\n<p>Esta \u00e9 a 13\u00aa visita do chefe do executivo a Santa Catarina neste ano, sendo a terceira Marcha para Jesus da qual Bolsonaro participa em um m\u00eas. Antes, ele esteve nos eventos realizados em Manaus, em 28 de maio, e em Curitiba, na \u00faltima ter\u00e7a-feira (21). O evento \u00e9 organizado por igrejas evang\u00e9licas.<\/p>\n\n\n\n<p>O de hoje estava previsto para acontecer em 2 de julho, mas foi antecipado para permitir a participa\u00e7\u00e3o do presidente. Ele estava acompanhado da primeira-dama Michelle Bolsonaro.<\/p>\n\n\n\n<p>O empres\u00e1rio Luciano Hang, das Lojas Havan, e o presidente da Caixa Econ\u00f4mica Federal, Pedro Guimar\u00e3es, tamb\u00e9m estiveram no local.<\/p>\n\n\n\n<p><blockquote class=\"twitter-tweet\" data-width=\"550\" data-dnt=\"true\"><p lang=\"pt\" dir=\"ltr\">Sensacional! Bolsonaro em Balne\u00e1rio Cambori\u00fa. <a href=\"https:\/\/t.co\/TJ3iQr08yE\">pic.twitter.com\/TJ3iQr08yE<\/a><\/p>&mdash; Patriotas (@PATRlOTAS) <a href=\"https:\/\/twitter.com\/PATRlOTAS\/status\/1540731477125742593?ref_src=twsrc%5Etfw\">June 25, 2022<\/a><\/blockquote><script async src=\"https:\/\/platform.twitter.com\/widgets.js\" charset=\"utf-8\"><\/script><\/p>\n","protected":false},"excerpt":{"rendered":"<p>O presidente Jair Bolsonaro (PL), afirmou, neste s\u00e1bado (25), durante discurso no evento religioso Marcha para Jesus\u201d, em Balne\u00e1rio Cambori\u00fa, Santa Catarina, que se o Brasil for para o lado da esquerda neste pleito vai entrar em um \u201ctrenzinho\u201d que se inicia com a Venezuela e acaba com a Col\u00f4mbia. A declara\u00e7\u00e3o foi uma refer\u00eancia [&hellip;]<\/p>\n","protected":false},"author":2,"featured_media":11637,"comment_status":"open","ping_status":"open","sticky":false,"template":"","format":"standard","meta":[],"categories":[5],"tags":[],"_links":{"self":[{"href":"https:\/\/dgospel.com.br\/portal\/index.php\/wp-json\/wp\/v2\/posts\/11636"}],"collection":[{"href":"https:\/\/dgospel.com.br\/portal\/index.php\/wp-json\/wp\/v2\/posts"}],"about":[{"href":"https:\/\/dgospel.com.br\/portal\/index.php\/wp-json\/wp\/v2\/types\/post"}],"author":[{"embeddable":true,"href":"https:\/\/dgospel.com.br\/portal\/index.php\/wp-json\/wp\/v2\/users\/2"}],"replies":[{"embeddable":true,"href":"https:\/\/dgospel.com.br\/portal\/index.php\/wp-json\/wp\/v2\/comments?post=11636"}],"version-history":[{"count":1,"href":"https:\/\/dgospel.com.br\/portal\/index.php\/wp-json\/wp\/v2\/posts\/11636\/revisions"}],"predecessor-version":[{"id":11638,"href":"https:\/\/dgospel.com.br\/portal\/index.php\/wp-json\/wp\/v2\/posts\/11636\/revisions\/11638"}],"wp:featuredmedia":[{"embeddable":true,"href":"https:\/\/dgospel.com.br\/portal\/index.php\/wp-json\/wp\/v2\/media\/11637"}],"wp:attachment":[{"href":"https:\/\/dgospel.com.br\/portal\/index.php\/wp-json\/wp\/v2\/media?parent=11636"}],"wp:term":[{"taxonomy":"category","embeddable":true,"href":"https:\/\/dgospel.com.br\/portal\/index.php\/wp-json\/wp\/v2\/categories?post=11636"},{"taxonomy":"post_tag","embeddable":true,"href":"https:\/\/dgospel.com.br\/portal\/index.php\/wp-json\/wp\/v2\/tags?post=11636"}],"curies":[{"name":"wp","href":"https:\/\/api.w.org\/{rel}","templated":true}]}}