{"id":11639,"date":"2022-06-27T15:36:22","date_gmt":"2022-06-27T18:36:22","guid":{"rendered":"http:\/\/dgospel.com.br\/portal\/?p=11639"},"modified":"2022-06-27T15:36:24","modified_gmt":"2022-06-27T18:36:24","slug":"a-nossa-nacao-tem-promessas-do-senhor-diz-michelle-bolsonaro","status":"publish","type":"post","link":"https:\/\/dgospel.com.br\/portal\/index.php\/2022\/06\/27\/a-nossa-nacao-tem-promessas-do-senhor-diz-michelle-bolsonaro\/","title":{"rendered":"\u201cA nossa na\u00e7\u00e3o tem promessas do Senhor\u201d, diz Michelle Bolsonaro"},"content":{"rendered":"\n<p>Ao lado do presidente Jair Bolsonaro, a primeira-dama,&nbsp;<strong><a href=\"https:\/\/guiame.com.br\/gospel\/noticias\/em-lagrimas-michelle-bolsonaro-ora-pelo-brasil-tu-es-poderoso-para-curar-nossa-nacao.html\">Michelle Bolsonaro<\/a><\/strong>, esteve no palco da Marcha para Jesus que aconteceu na manh\u00e3 de s\u00e1bado (25) na Praia Central de Balne\u00e1rio Cambori\u00fa, no Litoral de&nbsp;<strong><a href=\"https:\/\/guiame.com.br\/gospel\/noticias\/por-que-escolher-morte-em-vez-de-vida-pergunta-ministra-cristiane-britto-sobre-aborto.html\">Santa Catarina<\/a><\/strong>.<\/p>\n\n\n\n<p>Ap\u00f3s cumprimentar os participantes do evento com \u201ca paz do Senhor\u201d, a primeira-dama agradeceu \u201cas manifesta\u00e7\u00f5es de carinho e palavras de b\u00ean\u00e7\u00e3os declaradas para nossas vidas\u201d.<\/p>\n\n\n\n<p>Em seu breve discurso, Michelle se declarou feliz por estar entre \u201cos meus irm\u00e3os que oram pelas nossas vidas e intercedem pela nossa amada na\u00e7\u00e3o\u201d.<\/p>\n\n\n\n<p>\u201cSem essa&nbsp;<strong><a href=\"https:\/\/guiame.com.br\/gospel\/mundo-cristao\/pastor-ensina-principios-da-oracao-ore-ate-que-venha-uma-resposta.html\">ora\u00e7\u00e3o<\/a><\/strong>, sem essa intercess\u00e3o n\u00f3s n\u00e3o estar\u00edamos aqui\u201d, disse a primeira-dama. \u201cTem sido muito dif\u00edcil, mas Deus \u00e9 por n\u00f3s, continuaremos com foco na miss\u00e3o\u201d.<\/p>\n\n\n\n<p>Entre as dificuldades est\u00e3o os ataques, que a primeira-dama disse que \u201cn\u00e3o s\u00e3o contra n\u00f3s, os ataques s\u00e3o contra os princ\u00edpios e valores do nosso Deus, s\u00e3o contra o Reino do nosso Senhor\u201d.<\/p>\n\n\n\n<p><strong>Ora\u00e7\u00e3o pelo Brasil<\/strong><\/p>\n\n\n\n<p>Michelle agradeceu a \u201ctoda lideran\u00e7a e aos amados por estarem aqui\u201d e pediu ora\u00e7\u00e3o pelo&nbsp;<strong><a href=\"https:\/\/guiame.com.br\/gospel\/mundo-cristao\/o-brasil-esta-passando-por-um-despertamento-no-meio-dos-jovens-diz-teo-hayashi.html\">Brasil<\/a><\/strong>.<\/p>\n\n\n\n<p>\u201cOrem para que haja liberta\u00e7\u00e3o, orem para que haja cura, orem para que haja salva\u00e7\u00e3o, orem para que haja&nbsp;<strong><a href=\"https:\/\/guiame.com.br\/gospel\/mundo-cristao\/o-som-do-avivamento-esta-chegando-o-espirito-santo-vai-alinhar-nacoes-diz-pastor.html\">avivamento<\/a><\/strong>&nbsp;no nosso Brasil. A nossa na\u00e7\u00e3o \u00e9 maravilhosa, \u00e9 pr\u00f3spera, a nossa na\u00e7\u00e3o tem promessas do Senhor\u201d, disse.<\/p>\n\n\n\n<p>Michelle falou ainda que \u201cn\u00f3s n\u00e3o estamos aqui por um projeto de poder, n\u00e3o estamos aqui por status, n\u00f3s estamos aqui para cumprir uma&nbsp;<strong><a href=\"https:\/\/guiame.com.br\/gospel\/mundo-cristao\/franklin-graham-chega-ao-brasil-ha-uma-urgencia-em-pregar-o-evangelho.html\">miss\u00e3o<\/a>&nbsp;<\/strong>que Deus nos chamou\u201d.<\/p>\n\n\n\n<p>A primeira-dama finalizou seu discurso pedindo que todos lessem com ela o&nbsp;<strong><a href=\"https:\/\/guiame.com.br\/gospel\/noticias\/cristaos-e-judeus-se-unem-para-orar-o-salmo-31-na-ucrania-livra-me-dos-meus-inimigos.html\">Salmo<\/a><\/strong>&nbsp;24, inclusive o presidente Bolsonaro, que bateu contin\u00eancia para a esposa em sinal de concord\u00e2ncia com a proposta da esposa.<\/p>\n\n\n\n<p>Michelle conclui sua participa\u00e7\u00e3o dizendo \u201cessa na\u00e7\u00e3o te pertence Pai, essa na\u00e7\u00e3o \u00e9 do Senhor, feliz a na\u00e7\u00e3o cujo Deus \u00e9 o Senhor\u201d.<\/p>\n\n\n\n<p>Assista:<\/p>\n\n\n\n<figure class=\"wp-block-embed is-type-video is-provider-youtube wp-block-embed-youtube wp-embed-aspect-16-9 wp-has-aspect-ratio\"><div class=\"wp-block-embed__wrapper\">\n<iframe loading=\"lazy\" title=\"Michelle Bolsonaro discursa na Marcha Para Jesus em Balne\u00e1rio Cambori\u00fa\" width=\"630\" height=\"354\" src=\"https:\/\/www.youtube.com\/embed\/1nzxjqCsNX0?feature=oembed\" frameborder=\"0\" allow=\"accelerometer; autoplay; clipboard-write; encrypted-media; gyroscope; picture-in-picture\" allowfullscreen><\/iframe>\n<\/div><\/figure>\n","protected":false},"excerpt":{"rendered":"<p>Ao lado do presidente Jair Bolsonaro, a primeira-dama,&nbsp;Michelle Bolsonaro, esteve no palco da Marcha para Jesus que aconteceu na manh\u00e3 de s\u00e1bado (25) na Praia Central de Balne\u00e1rio Cambori\u00fa, no Litoral de&nbsp;Santa Catarina. Ap\u00f3s cumprimentar os participantes do evento com \u201ca paz do Senhor\u201d, a primeira-dama agradeceu \u201cas manifesta\u00e7\u00f5es de carinho e palavras de b\u00ean\u00e7\u00e3os [&hellip;]<\/p>\n","protected":false},"author":2,"featured_media":11640,"comment_status":"open","ping_status":"open","sticky":false,"template":"","format":"standard","meta":[],"categories":[5],"tags":[],"_links":{"self":[{"href":"https:\/\/dgospel.com.br\/portal\/index.php\/wp-json\/wp\/v2\/posts\/11639"}],"collection":[{"href":"https:\/\/dgospel.com.br\/portal\/index.php\/wp-json\/wp\/v2\/posts"}],"about":[{"href":"https:\/\/dgospel.com.br\/portal\/index.php\/wp-json\/wp\/v2\/types\/post"}],"author":[{"embeddable":true,"href":"https:\/\/dgospel.com.br\/portal\/index.php\/wp-json\/wp\/v2\/users\/2"}],"replies":[{"embeddable":true,"href":"https:\/\/dgospel.com.br\/portal\/index.php\/wp-json\/wp\/v2\/comments?post=11639"}],"version-history":[{"count":1,"href":"https:\/\/dgospel.com.br\/portal\/index.php\/wp-json\/wp\/v2\/posts\/11639\/revisions"}],"predecessor-version":[{"id":11641,"href":"https:\/\/dgospel.com.br\/portal\/index.php\/wp-json\/wp\/v2\/posts\/11639\/revisions\/11641"}],"wp:featuredmedia":[{"embeddable":true,"href":"https:\/\/dgospel.com.br\/portal\/index.php\/wp-json\/wp\/v2\/media\/11640"}],"wp:attachment":[{"href":"https:\/\/dgospel.com.br\/portal\/index.php\/wp-json\/wp\/v2\/media?parent=11639"}],"wp:term":[{"taxonomy":"category","embeddable":true,"href":"https:\/\/dgospel.com.br\/portal\/index.php\/wp-json\/wp\/v2\/categories?post=11639"},{"taxonomy":"post_tag","embeddable":true,"href":"https:\/\/dgospel.com.br\/portal\/index.php\/wp-json\/wp\/v2\/tags?post=11639"}],"curies":[{"name":"wp","href":"https:\/\/api.w.org\/{rel}","templated":true}]}}