{"id":11648,"date":"2022-06-27T16:26:17","date_gmt":"2022-06-27T19:26:17","guid":{"rendered":"http:\/\/dgospel.com.br\/portal\/?p=11648"},"modified":"2022-06-27T16:26:17","modified_gmt":"2022-06-27T19:26:17","slug":"hospital-regional-de-guarai-realiza-pela-primeira-vez-cirurgia-por-video","status":"publish","type":"post","link":"https:\/\/dgospel.com.br\/portal\/index.php\/2022\/06\/27\/hospital-regional-de-guarai-realiza-pela-primeira-vez-cirurgia-por-video\/","title":{"rendered":"Hospital Regional de Guara\u00ed realiza pela primeira vez cirurgia por v\u00eddeo"},"content":{"rendered":"\n<p>Na busca por uma melhor assist\u00eancia aos usu\u00e1rios do Sistema \u00danico de Sa\u00fade (SUS),&nbsp;o Governo do Tocantins levou ao Hospital Regional de Guara\u00ed, procedimento cir\u00fargico eletivo in\u00e9dito. Pela primeira vez, o Hospital Regional de Guara\u00ed realizou cirurgias de colecistectomia com a tecnologia de v\u00eddeo. Foram beneficiadas duas pacientes com 42 anos e 64 anos, com problemas nas ves\u00edculas, devidamente cadastradas na Central Estadual de Regula\u00e7\u00e3o.<\/p>\n\n\n\n<p>Os procedimentos foram realizados pelos m\u00e9dicos cirurgi\u00f5es Felipe Alberto Mutran Lopes Branco e Valdir Francisco Odorizzi, os quais explicaram que \u201ca t\u00e9cnica moderna \u00e9 considerada menos invasiva para o paciente, pois auxilia com rapidez no p\u00f3s-operat\u00f3rio e diminui o tempo de interna\u00e7\u00e3o\u201d, afirmou o cirurgi\u00e3o Felipe Mutran.<\/p>\n\n\n\n<p>\u201cA videolaparoscopia oferta uma qualidade cir\u00fargica muito grande. A cirurgia \u00e9 muito mais r\u00e1pida. A estadia do paciente dentro do hospital \u00e9 mais curta e, com r\u00e1pida evolu\u00e7\u00e3o, o paciente retorna ao trabalho. Estamos felizes de ter realizado este importante projeto aqui no Hospital Regional de Guara\u00ed\u201d, ressaltou o cirurgi\u00e3o-geral Valdir Francisco Odorizzi.<\/p>\n\n\n\n<p>A paciente Cleonice Marriel de Freitas comentou o atendimento recebido. \u201cEu j\u00e1 tinha tentado fazer este procedimento da forma convencional e n\u00e3o foi poss\u00edvel. Gra\u00e7as a esta nova t\u00e9cnica adotada no Regional de Guara\u00ed, resolvi meu problema, estou me sentindo bem e minha recupera\u00e7\u00e3o est\u00e1 \u00f3tima\u201d, afirmou.<\/p>\n\n\n\n<p><strong>Hospital Regional de Guara\u00ed<\/strong><\/p>\n\n\n\n<p>O Hospital Regional de Guara\u00ed \u00e9 uma unidade de m\u00e9dia complexidade, Porte II, atende urg\u00eancia, emerg\u00eancia, ambulat\u00f3rio e interna\u00e7\u00e3o.<\/p>\n\n\n\n<p><\/p>\n","protected":false},"excerpt":{"rendered":"<p>Na busca por uma melhor assist\u00eancia aos usu\u00e1rios do Sistema \u00danico de Sa\u00fade (SUS),&nbsp;o Governo do Tocantins levou ao Hospital Regional de Guara\u00ed, procedimento cir\u00fargico eletivo in\u00e9dito. Pela primeira vez, o Hospital Regional de Guara\u00ed realizou cirurgias de colecistectomia com a tecnologia de v\u00eddeo. Foram beneficiadas duas pacientes com 42 anos e 64 anos, com [&hellip;]<\/p>\n","protected":false},"author":2,"featured_media":11649,"comment_status":"open","ping_status":"open","sticky":false,"template":"","format":"standard","meta":[],"categories":[10],"tags":[13],"_links":{"self":[{"href":"https:\/\/dgospel.com.br\/portal\/index.php\/wp-json\/wp\/v2\/posts\/11648"}],"collection":[{"href":"https:\/\/dgospel.com.br\/portal\/index.php\/wp-json\/wp\/v2\/posts"}],"about":[{"href":"https:\/\/dgospel.com.br\/portal\/index.php\/wp-json\/wp\/v2\/types\/post"}],"author":[{"embeddable":true,"href":"https:\/\/dgospel.com.br\/portal\/index.php\/wp-json\/wp\/v2\/users\/2"}],"replies":[{"embeddable":true,"href":"https:\/\/dgospel.com.br\/portal\/index.php\/wp-json\/wp\/v2\/comments?post=11648"}],"version-history":[{"count":1,"href":"https:\/\/dgospel.com.br\/portal\/index.php\/wp-json\/wp\/v2\/posts\/11648\/revisions"}],"predecessor-version":[{"id":11650,"href":"https:\/\/dgospel.com.br\/portal\/index.php\/wp-json\/wp\/v2\/posts\/11648\/revisions\/11650"}],"wp:featuredmedia":[{"embeddable":true,"href":"https:\/\/dgospel.com.br\/portal\/index.php\/wp-json\/wp\/v2\/media\/11649"}],"wp:attachment":[{"href":"https:\/\/dgospel.com.br\/portal\/index.php\/wp-json\/wp\/v2\/media?parent=11648"}],"wp:term":[{"taxonomy":"category","embeddable":true,"href":"https:\/\/dgospel.com.br\/portal\/index.php\/wp-json\/wp\/v2\/categories?post=11648"},{"taxonomy":"post_tag","embeddable":true,"href":"https:\/\/dgospel.com.br\/portal\/index.php\/wp-json\/wp\/v2\/tags?post=11648"}],"curies":[{"name":"wp","href":"https:\/\/api.w.org\/{rel}","templated":true}]}}