{"id":11651,"date":"2022-06-27T16:28:57","date_gmt":"2022-06-27T19:28:57","guid":{"rendered":"http:\/\/dgospel.com.br\/portal\/?p=11651"},"modified":"2022-06-27T16:28:58","modified_gmt":"2022-06-27T19:28:58","slug":"governo-do-tocantins-cria-grupo-de-trabalho-para-planejar-transacao-de-creditos-de-carbono","status":"publish","type":"post","link":"https:\/\/dgospel.com.br\/portal\/index.php\/2022\/06\/27\/governo-do-tocantins-cria-grupo-de-trabalho-para-planejar-transacao-de-creditos-de-carbono\/","title":{"rendered":"Governo do Tocantins cria Grupo de Trabalho para planejar transa\u00e7\u00e3o de cr\u00e9ditos de carbono"},"content":{"rendered":"\n<p>O Governo do Tocantins d\u00e1 mais um passo no processo de transa\u00e7\u00e3o de seus cr\u00e9ditos de carbono com a cria\u00e7\u00e3o de um Grupo de Trabalho (GT), institu\u00eddo por meio da Portaria Conjunta n\u00b0 69, publicada no Di\u00e1rio Oficial do Estado dessa sexta-feira, 24. O GT tem como objetivo analisar, de forma t\u00e9cnica e jur\u00eddica, a constru\u00e7\u00e3o do instrumento ou mecanismo econ\u00f4mico que vai viabilizar a comercializa\u00e7\u00e3o de cr\u00e9ditos de carbono entre o Governo do Estado, por meio da Secretaria de Estado do Meio Ambiente e Recursos H\u00eddricos (Semarh), e as empresas proponentes.<\/p>\n\n\n\n<p>O grupo ser\u00e1 coordenado pela Semarh, representada pela superintendente de Pol\u00edticas P\u00fablicas Ambientais, Marli Santos, como titular; e Mayra Dias como suplente, sendo composto tamb\u00e9m por representantes da Secretaria de Estado da Fazenda (Sefaz); da Secretaria de Estado do Planejamento e Or\u00e7amento (Seplan); da Secretaria de Estado de Parcerias e Investimentos; da Procuradoria-Geral do Estado (PGE); da Controladoria-Geral do Estado (CGE); e da Companhia Imobili\u00e1ria de Participa\u00e7\u00f5es, Investimentos e Parcerias (Tocantins Parcerias).<\/p>\n\n\n\n<p>\u201cO Grupo de Trabalho \u00e9 fundamental para definir tecnicamente como ser\u00e1 a estrutura\u00e7\u00e3o do mecanismo financeiro para transa\u00e7\u00f5es de cr\u00e9ditos jurisdicionais de carbono florestal. O trabalho ser\u00e1 intenso nos pr\u00f3ximos 30 dias para viabilizar a remunera\u00e7\u00e3o do Estado pelo servi\u00e7o ambiental de clima que ele realizou com as redu\u00e7\u00f5es de emiss\u00f5es dos gases de efeito estufa (GEE) devido \u00e0 diminui\u00e7\u00e3o de hectares desmatados\u201d, ressalta Marli Santos.<\/p>\n\n\n\n<p>A portaria cita o Programa Jurisdicional de REDD+ (Redu\u00e7\u00e3o das Emiss\u00f5es por Desmatamento e Degrada\u00e7\u00e3o Florestal), desenvolvido pelo Tocantins, que desde 2008 tem empenhado esfor\u00e7os para diminuir progressivamente o desmatamento ilegal e a degrada\u00e7\u00e3o florestal no estado.<\/p>\n\n\n\n<p>A redu\u00e7\u00e3o gera cr\u00e9ditos de carbono que representam o potencial de remunera\u00e7\u00e3o financeira do Estado pelo esfor\u00e7o de redu\u00e7\u00e3o das emiss\u00f5es dos GEE &nbsp;por desmatamento e degrada\u00e7\u00e3o. S\u00f3 no bioma Cerrado, essa redu\u00e7\u00e3o pode render ao Estado recursos na ordem de US$ 1,7 bilh\u00e3o de d\u00f3lares at\u00e9 2033, no novo mercado de carbono, segundo dados da Earth Innovation Institute (EII). Em outras palavras, reduzir a degrada\u00e7\u00e3o ambiental e o desmatamento pode trazer dinheiro para o Tocantins, al\u00e9m de ajudar a diminuir os danos causados pelo aquecimento global.<\/p>\n\n\n\n<p>Visando dar continuidade \u00e0 concretiza\u00e7\u00e3o dessas transa\u00e7\u00f5es, a Semarh buscou oportunidades de acesso a financiamentos clim\u00e1ticos do mercado de carbono, mantendo intenso di\u00e1logo com \u00f3rg\u00e3os estrat\u00e9gicos. Um exemplo disso \u00e9 o 1\u00b0 Semin\u00e1rio Internacional sobre Mudan\u00e7as Clim\u00e1ticas e Mercado de Carbono Florestal Jurisdicional, realizado no m\u00eas de maio.<\/p>\n\n\n\n<p><strong>Cr\u00e9ditos de carbono<\/strong><\/p>\n\n\n\n<p>Foi a partir das discuss\u00f5es do Protocolo de Kyoto, em 1997, que a utiliza\u00e7\u00e3o do cr\u00e9dito de carbono como um neg\u00f3cio nasceu. Na ocasi\u00e3o, foram estabelecidas metas para os principais pa\u00edses desenvolvidos de redu\u00e7\u00e3o de emiss\u00f5es de gases de efeito estufa, que s\u00e3o a causa do aquecimento global. Um cr\u00e9dito de carbono \u00e9 a representa\u00e7\u00e3o de uma tonelada de carbono que deixou de ser emitida para a atmosfera, contribuindo para a diminui\u00e7\u00e3o do efeito estufa.<\/p>\n\n\n\n<p><\/p>\n\n\n\n<p><img src=\"https:\/\/central.to.gov.br\/image\/297461?w=670&amp;h=383\"><\/p>\n\n\n\n<p>Superintendente de Gest\u00e3o de Pol\u00edticas P\u00fablicas Ambientais da Semarh coordena o GT &#8211; Marcel de Paula\/Governo do Tocantins&nbsp;<\/p>\n","protected":false},"excerpt":{"rendered":"<p>O Governo do Tocantins d\u00e1 mais um passo no processo de transa\u00e7\u00e3o de seus cr\u00e9ditos de carbono com a cria\u00e7\u00e3o de um Grupo de Trabalho (GT), institu\u00eddo por meio da Portaria Conjunta n\u00b0 69, publicada no Di\u00e1rio Oficial do Estado dessa sexta-feira, 24. O GT tem como objetivo analisar, de forma t\u00e9cnica e jur\u00eddica, a [&hellip;]<\/p>\n","protected":false},"author":2,"featured_media":11652,"comment_status":"open","ping_status":"open","sticky":false,"template":"","format":"standard","meta":[],"categories":[3],"tags":[13],"_links":{"self":[{"href":"https:\/\/dgospel.com.br\/portal\/index.php\/wp-json\/wp\/v2\/posts\/11651"}],"collection":[{"href":"https:\/\/dgospel.com.br\/portal\/index.php\/wp-json\/wp\/v2\/posts"}],"about":[{"href":"https:\/\/dgospel.com.br\/portal\/index.php\/wp-json\/wp\/v2\/types\/post"}],"author":[{"embeddable":true,"href":"https:\/\/dgospel.com.br\/portal\/index.php\/wp-json\/wp\/v2\/users\/2"}],"replies":[{"embeddable":true,"href":"https:\/\/dgospel.com.br\/portal\/index.php\/wp-json\/wp\/v2\/comments?post=11651"}],"version-history":[{"count":1,"href":"https:\/\/dgospel.com.br\/portal\/index.php\/wp-json\/wp\/v2\/posts\/11651\/revisions"}],"predecessor-version":[{"id":11653,"href":"https:\/\/dgospel.com.br\/portal\/index.php\/wp-json\/wp\/v2\/posts\/11651\/revisions\/11653"}],"wp:featuredmedia":[{"embeddable":true,"href":"https:\/\/dgospel.com.br\/portal\/index.php\/wp-json\/wp\/v2\/media\/11652"}],"wp:attachment":[{"href":"https:\/\/dgospel.com.br\/portal\/index.php\/wp-json\/wp\/v2\/media?parent=11651"}],"wp:term":[{"taxonomy":"category","embeddable":true,"href":"https:\/\/dgospel.com.br\/portal\/index.php\/wp-json\/wp\/v2\/categories?post=11651"},{"taxonomy":"post_tag","embeddable":true,"href":"https:\/\/dgospel.com.br\/portal\/index.php\/wp-json\/wp\/v2\/tags?post=11651"}],"curies":[{"name":"wp","href":"https:\/\/api.w.org\/{rel}","templated":true}]}}