{"id":11657,"date":"2022-06-27T17:12:02","date_gmt":"2022-06-27T20:12:02","guid":{"rendered":"http:\/\/dgospel.com.br\/portal\/?p=11657"},"modified":"2022-06-27T17:12:03","modified_gmt":"2022-06-27T20:12:03","slug":"governo-do-tocantins-e-oab-to-assinam-termo-de-cooperacao-para-viabilizar-instalacao-de-sala-para-advogados-na-unidade-penal-de-palmas","status":"publish","type":"post","link":"https:\/\/dgospel.com.br\/portal\/index.php\/2022\/06\/27\/governo-do-tocantins-e-oab-to-assinam-termo-de-cooperacao-para-viabilizar-instalacao-de-sala-para-advogados-na-unidade-penal-de-palmas\/","title":{"rendered":"Governo do Tocantins e OAB\/TO assinam Termo de Coopera\u00e7\u00e3o para viabilizar instala\u00e7\u00e3o de sala para advogados na Unidade Penal de Palmas"},"content":{"rendered":"\n<p>O Governo do Tocantins, por meio da Secretaria de Estado da Cidadania e Justi\u00e7a (Seciju), assinou Termo de Coopera\u00e7\u00e3o T\u00e9cnica com a Ordem dos Advogados no Brasil &#8211; Seccional Tocantins (OAB\/TO),&nbsp;com o objetivo de instalar a Sala da Ordem dentro da Unidade Penal de Palmas. O documento foi assinado na sexta-feira, 24, durante sess\u00e3o no Plen\u00e1rio da OAB, pelo secret\u00e1rio de Estado da Cidadania e Justi\u00e7a, Deusiano Amorim; e pelo presidente da OAB\/TO, Gedeon Pitaluga.<\/p>\n\n\n\n<p>O espa\u00e7o tem o intuito de proporcionar maior conforto aos advogados no exerc\u00edcio de sua profiss\u00e3o enquanto aguardam os atendimentos com os custodiados no Parlat\u00f3rio, constru\u00eddo dentro da unidade tamb\u00e9m em parceria entre as institui\u00e7\u00f5es no ano de 2020.<\/p>\n\n\n\n<p>\u201cEssa parceria entre o Governo do Tocantins, por meio da Seciju, e a OAB significa um avan\u00e7o e uma melhora nos atendimentos dos advogados dentro da unidade prisional de Palmas. Temos trabalhado para garantir essas melhorias necess\u00e1rias, pois \u00e9 um compromisso do Sistema Penal com toda a sociedade proporcionar um atendimento e espa\u00e7os adequados. Tamb\u00e9m coloco a Secretaria \u00e0 disposi\u00e7\u00e3o para demais parcerias e solu\u00e7\u00f5es de quaisquer demandas da advocacia tocantinense\u201d, frisou Deusiano Amorim.<\/p>\n\n\n\n<p>\u201cA OAB tem essa caracter\u00edstica de reivindicar, o que fazemos de forma permanente, e \u00e9 muito significativo quando conseguimos avan\u00e7ar nessas reivindica\u00e7\u00f5es e garantir melhorias para a advocacia. O secret\u00e1rio da Seciju tem mantido um di\u00e1logo amplo com a Ordem e essa assinatura do Termo demonstra a preocupa\u00e7\u00e3o da Secretaria em colaborar e ampliar as parcerias, al\u00e9m de sinalizar uma grande conquista para a advocacia. Nosso Parlat\u00f3rio dentro da Unidade Penal de Palmas \u00e9 destaque em todo o Pa\u00eds e, agora, iremos ampliar com um espa\u00e7o espec\u00edfico para os nossos advogados\u201d, destacou Gedeon Pitaluga.<\/p>\n\n\n\n<p>Conforme o Termo, sem repasses de recursos financeiros ou f\u00edsicos, a OAB\/TO dever\u00e1 dispor de todo o material necess\u00e1rio para a edifica\u00e7\u00e3o da Sala da Advocacia, bem como o mobili\u00e1rio do espa\u00e7o. J\u00e1 dentre as atribui\u00e7\u00f5es da Seciju no acordo est\u00e1 a disposi\u00e7\u00e3o de m\u00e3o de obra carcer\u00e1ria para constru\u00e7\u00e3o e reforma do local.<\/p>\n\n\n\n<p><img src=\"https:\/\/central.to.gov.br\/image\/297514?w=670&amp;h=383\"><\/p>\n\n\n\n<p>Termo estabelece que a OAB\/TO dever\u00e1 dispor de todo o material necess\u00e1rio para a edifica\u00e7\u00e3o da Sala da Advocacia &#8211; Lauane dos Santos\/Governo do Tocantins<\/p>\n","protected":false},"excerpt":{"rendered":"<p>O Governo do Tocantins, por meio da Secretaria de Estado da Cidadania e Justi\u00e7a (Seciju), assinou Termo de Coopera\u00e7\u00e3o T\u00e9cnica com a Ordem dos Advogados no Brasil &#8211; Seccional Tocantins (OAB\/TO),&nbsp;com o objetivo de instalar a Sala da Ordem dentro da Unidade Penal de Palmas. O documento foi assinado na sexta-feira, 24, durante sess\u00e3o no [&hellip;]<\/p>\n","protected":false},"author":2,"featured_media":11658,"comment_status":"open","ping_status":"open","sticky":false,"template":"","format":"standard","meta":[],"categories":[3],"tags":[13],"_links":{"self":[{"href":"https:\/\/dgospel.com.br\/portal\/index.php\/wp-json\/wp\/v2\/posts\/11657"}],"collection":[{"href":"https:\/\/dgospel.com.br\/portal\/index.php\/wp-json\/wp\/v2\/posts"}],"about":[{"href":"https:\/\/dgospel.com.br\/portal\/index.php\/wp-json\/wp\/v2\/types\/post"}],"author":[{"embeddable":true,"href":"https:\/\/dgospel.com.br\/portal\/index.php\/wp-json\/wp\/v2\/users\/2"}],"replies":[{"embeddable":true,"href":"https:\/\/dgospel.com.br\/portal\/index.php\/wp-json\/wp\/v2\/comments?post=11657"}],"version-history":[{"count":1,"href":"https:\/\/dgospel.com.br\/portal\/index.php\/wp-json\/wp\/v2\/posts\/11657\/revisions"}],"predecessor-version":[{"id":11659,"href":"https:\/\/dgospel.com.br\/portal\/index.php\/wp-json\/wp\/v2\/posts\/11657\/revisions\/11659"}],"wp:featuredmedia":[{"embeddable":true,"href":"https:\/\/dgospel.com.br\/portal\/index.php\/wp-json\/wp\/v2\/media\/11658"}],"wp:attachment":[{"href":"https:\/\/dgospel.com.br\/portal\/index.php\/wp-json\/wp\/v2\/media?parent=11657"}],"wp:term":[{"taxonomy":"category","embeddable":true,"href":"https:\/\/dgospel.com.br\/portal\/index.php\/wp-json\/wp\/v2\/categories?post=11657"},{"taxonomy":"post_tag","embeddable":true,"href":"https:\/\/dgospel.com.br\/portal\/index.php\/wp-json\/wp\/v2\/tags?post=11657"}],"curies":[{"name":"wp","href":"https:\/\/api.w.org\/{rel}","templated":true}]}}