{"id":1166,"date":"2018-09-01T08:40:30","date_gmt":"2018-09-01T11:40:30","guid":{"rendered":"http:\/\/dgospel.com.br\/portal\/?p=1166"},"modified":"2018-09-01T08:40:30","modified_gmt":"2018-09-01T11:40:30","slug":"cesar-simoni-diz-que-educacao-e-seguranca-publico-devem-caminhar-juntos-em-sua-gestao","status":"publish","type":"post","link":"https:\/\/dgospel.com.br\/portal\/index.php\/2018\/09\/01\/cesar-simoni-diz-que-educacao-e-seguranca-publico-devem-caminhar-juntos-em-sua-gestao\/","title":{"rendered":"C\u00e9sar Simoni diz que Educa\u00e7\u00e3o e Seguran\u00e7a P\u00fablico devem caminhar juntos em sua gest\u00e3o"},"content":{"rendered":"<div>Dentre outros compromissos na agenda, o candidato a Governador do Tocantins, C\u00e9sar Simoni (PSL), participou de sabatina nesta quarta-feira, 29, com empres\u00e1rios e a popula\u00e7\u00e3o gurupiense. Seguran\u00e7a P\u00fablica e Transporte foram os temas mais abordados. O candidato, respondeu e pontuou as medidas j\u00e1 tra\u00e7adas para solucionar as defici\u00eancias nos dois setores.<\/div>\n<div><\/div>\n<div>Como cidad\u00e3o tocantinense, ex-promotor de Justi\u00e7a e Secret\u00e1rio de Seguran\u00e7a P\u00fablica, Simoni conhece, de perto, o mundo da criminalidade no Estado. \u201cVamos para o fronte combater as fac\u00e7\u00f5es criminosas do Tocantins. Quanto aos impostos e incentivos fiscais precisamos, sim, repensar e recalcular os valores\u201d, destacou. Conforme Simoni, a CDL ser\u00e1 uma das parceiras, para tomar medidas que ser\u00e3o executadas nos primeiros dias da sua gest\u00e3o.<\/div>\n<div><\/div>\n<div>Para seguran\u00e7a do Estado, o candidato garante investir em material humano, com equipamentos e tecnologia para aumentar a capacidade investigativa das policias nas esferas Civil e Militar. \u201cAl\u00e9m disso, n\u00f3s pretendemos implantar uma pol\u00edcia preventiva e efetiva, e priorizar a defesa das v\u00edtimas da viol\u00eancia e suas fam\u00edlias, ao inv\u00e9s dos bandidos\u201d.<\/div>\n<div><\/div>\n<div>Simoni reafirmou seu compromisso de fazer do Tocantins uma refer\u00eancia em Educa\u00e7\u00e3o (militar e profissionalizante). \u201cA Educa\u00e7\u00e3o e a Seguran\u00e7a p\u00fablica v\u00e3o caminhar juntas na nossa gest\u00e3o. Preparando os jovens, estaremos criando uma redoma. Os jovens s\u00e3o os principais alvos dos bandidos. Por isso temos que nos preocupar com uma Educa\u00e7\u00e3o de ponta e um preparo t\u00e9cnico qualificado. Sem conte\u00fado eles se tornaram presas f\u00e1ceis para a criminalidade\u201d, disse.<\/div>\n<div><\/div>\n<div>Seguindo sua agenda, o candidato realiza visitas pelo interior do Estado, passando por Talism\u00e3, Alvorada e Cariri do Tocantins, levando as propostas para um Tocantins melhor.<\/div>\n","protected":false},"excerpt":{"rendered":"<p>Dentre outros compromissos na agenda, o candidato a Governador do Tocantins, C\u00e9sar Simoni (PSL), participou de sabatina nesta quarta-feira, 29, com empres\u00e1rios e a popula\u00e7\u00e3o gurupiense. Seguran\u00e7a P\u00fablica e Transporte foram os temas mais abordados. O candidato, respondeu e pontuou as medidas j\u00e1 tra\u00e7adas para solucionar as defici\u00eancias nos dois setores. Como cidad\u00e3o tocantinense, ex-promotor [&hellip;]<\/p>\n","protected":false},"author":2,"featured_media":1167,"comment_status":"open","ping_status":"open","sticky":false,"template":"","format":"standard","meta":[],"categories":[2,4],"tags":[],"_links":{"self":[{"href":"https:\/\/dgospel.com.br\/portal\/index.php\/wp-json\/wp\/v2\/posts\/1166"}],"collection":[{"href":"https:\/\/dgospel.com.br\/portal\/index.php\/wp-json\/wp\/v2\/posts"}],"about":[{"href":"https:\/\/dgospel.com.br\/portal\/index.php\/wp-json\/wp\/v2\/types\/post"}],"author":[{"embeddable":true,"href":"https:\/\/dgospel.com.br\/portal\/index.php\/wp-json\/wp\/v2\/users\/2"}],"replies":[{"embeddable":true,"href":"https:\/\/dgospel.com.br\/portal\/index.php\/wp-json\/wp\/v2\/comments?post=1166"}],"version-history":[{"count":1,"href":"https:\/\/dgospel.com.br\/portal\/index.php\/wp-json\/wp\/v2\/posts\/1166\/revisions"}],"predecessor-version":[{"id":1168,"href":"https:\/\/dgospel.com.br\/portal\/index.php\/wp-json\/wp\/v2\/posts\/1166\/revisions\/1168"}],"wp:featuredmedia":[{"embeddable":true,"href":"https:\/\/dgospel.com.br\/portal\/index.php\/wp-json\/wp\/v2\/media\/1167"}],"wp:attachment":[{"href":"https:\/\/dgospel.com.br\/portal\/index.php\/wp-json\/wp\/v2\/media?parent=1166"}],"wp:term":[{"taxonomy":"category","embeddable":true,"href":"https:\/\/dgospel.com.br\/portal\/index.php\/wp-json\/wp\/v2\/categories?post=1166"},{"taxonomy":"post_tag","embeddable":true,"href":"https:\/\/dgospel.com.br\/portal\/index.php\/wp-json\/wp\/v2\/tags?post=1166"}],"curies":[{"name":"wp","href":"https:\/\/api.w.org\/{rel}","templated":true}]}}