{"id":11663,"date":"2022-06-29T09:29:18","date_gmt":"2022-06-29T12:29:18","guid":{"rendered":"http:\/\/dgospel.com.br\/portal\/?p=11663"},"modified":"2022-06-29T09:29:19","modified_gmt":"2022-06-29T12:29:19","slug":"medidas-devem-levar-gasolina-de-r-739-a-r-584-diz-sachsida","status":"publish","type":"post","link":"https:\/\/dgospel.com.br\/portal\/index.php\/2022\/06\/29\/medidas-devem-levar-gasolina-de-r-739-a-r-584-diz-sachsida\/","title":{"rendered":"\u2018Medidas devem levar gasolina de R$ 7,39 a R$ 5,84\u2019, diz Sachsida"},"content":{"rendered":"\n<p>O ministro de Minas e Energia, Adolfo Sachsida, apresentou dados que apontam que, com medidas adotadas pelo governo e propostas aprovadas pelo Congresso, h\u00e1 um potencial para redu\u00e7\u00e3o m\u00e9dia de 21% nos pre\u00e7os da gasolina, que passaria dos atuais R$ 7,39 para R$ 5,84, na m\u00e9dia nacional. Os dados foram apresentados a deputados em audi\u00eancia p\u00fablica na C\u00e2mara nesta ter\u00e7a-feira (28).<\/p>\n\n\n\n<p>As medidas inclu\u00eddas nas proje\u00e7\u00f5es apresentadas pelo ministro consideram a Lei Complementar 194\/2022, que limitou a cobran\u00e7a do Imposto sobre Circula\u00e7\u00e3o de Mercadorias e Servi\u00e7os (ICMS) de combust\u00edveis, energia el\u00e9trica, comunica\u00e7\u00f5es e transporte coletivo, e as medidas sobre a tributa\u00e7\u00e3o de diesel discutidas no Supremo Tribunal Federal (STF).<\/p>\n\n\n\n<p><strong>DIESEL<br><\/strong>Durante a apresenta\u00e7\u00e3o, o ministro afirmou que, pelos dados, pode aparentar que o efeito das medidas no pre\u00e7o do diesel seja pequeno, mas que isso \u00e9 devido aos tributos federais j\u00e1 estarem zerados.<\/p>\n\n\n\n<p>Segundo proje\u00e7\u00f5es, o valor do \u00f3leo diesel B S-10 passaria dos atuais R$ 7,68 para R$ 7,55 \u2013 uma redu\u00e7\u00e3o potencial de 1,7% na m\u00e9dia dos pre\u00e7os nacionais. J\u00e1 para o etanol, passaria de R$ 4,87 para R$ 4,57 \u2013 redu\u00e7\u00e3o potencial de R$ 6,1%.<\/p>\n\n\n\n<p>Sobre o G\u00e1s Liquefeito de Petr\u00f3leo (GLP), mais conhecido como g\u00e1s de cozinha, os dados apontam que o pre\u00e7o m\u00e9dio atual de R$ 112,70 passaria para R$ 110,07 \u2013 uma redu\u00e7\u00e3o de 2,3%.<\/p>\n\n\n\n<p>O ministro ressaltou que os tributos federais para o botij\u00e3o est\u00e3o zerados de forma permanente.<\/p>\n\n\n\n<p><strong>PETROBRAS<br><\/strong>Ao falar sobre a troca de comando da Petrobras, Sachsida afirmou que considera que o grande desafio da estatal neste momento \u00e9 a \u201cgest\u00e3o\u201d. O ministro disse que \u201ctodos concordam que h\u00e1 algo de errado\u201d com a empresa no modelo atual.<\/p>\n\n\n\n<p>Caio Paes de Andrade assumiu nesta ter\u00e7a-feira (28), para a presid\u00eancia da empresa. Andrade \u00e9 o quarto presidente da Petrobras indicado pelo governo Bolsonaro e substitui Jos\u00e9 Mauro Coelho no comando da empresa.<\/p>\n\n\n\n<p>Ao comentar sobre a possibilidade de cria\u00e7\u00e3o de uma Comiss\u00e3o Parlamentar de Inqu\u00e9rito (CPI) sobre a Petrobras, Sachsida afirmou que o colegiado teria foco mais pol\u00edtico do que t\u00e9cnico, mas afirmou que o Minist\u00e9rio de Minas e Energia (MME) apoiar\u00e1 a decis\u00e3o do Congresso.<\/p>\n\n\n\n<p>\u2013 O MME segue a lei. Se a decis\u00e3o do Congresso for por CPI, vamos apoiar.<\/p>\n\n\n\n<p>Assim como na semana passada, em audi\u00eancia p\u00fablica, Sachsida disse que \u00e9 o momento da sociedade decidir se quer a Petrobras privada ou estatal. Segundo ele, o processo poderia gerar mais competi\u00e7\u00e3o no mercado, citando como exemplo a privatiza\u00e7\u00e3o do sistema Telebras. Para ele, a competi\u00e7\u00e3o gera \u201cgrandes ganhos\u201d para os consumidores.<\/p>\n\n\n\n<p>*AE<\/p>\n","protected":false},"excerpt":{"rendered":"<p>O ministro de Minas e Energia, Adolfo Sachsida, apresentou dados que apontam que, com medidas adotadas pelo governo e propostas aprovadas pelo Congresso, h\u00e1 um potencial para redu\u00e7\u00e3o m\u00e9dia de 21% nos pre\u00e7os da gasolina, que passaria dos atuais R$ 7,39 para R$ 5,84, na m\u00e9dia nacional. Os dados foram apresentados a deputados em audi\u00eancia [&hellip;]<\/p>\n","protected":false},"author":2,"featured_media":11664,"comment_status":"open","ping_status":"open","sticky":false,"template":"","format":"standard","meta":[],"categories":[4],"tags":[14],"_links":{"self":[{"href":"https:\/\/dgospel.com.br\/portal\/index.php\/wp-json\/wp\/v2\/posts\/11663"}],"collection":[{"href":"https:\/\/dgospel.com.br\/portal\/index.php\/wp-json\/wp\/v2\/posts"}],"about":[{"href":"https:\/\/dgospel.com.br\/portal\/index.php\/wp-json\/wp\/v2\/types\/post"}],"author":[{"embeddable":true,"href":"https:\/\/dgospel.com.br\/portal\/index.php\/wp-json\/wp\/v2\/users\/2"}],"replies":[{"embeddable":true,"href":"https:\/\/dgospel.com.br\/portal\/index.php\/wp-json\/wp\/v2\/comments?post=11663"}],"version-history":[{"count":1,"href":"https:\/\/dgospel.com.br\/portal\/index.php\/wp-json\/wp\/v2\/posts\/11663\/revisions"}],"predecessor-version":[{"id":11665,"href":"https:\/\/dgospel.com.br\/portal\/index.php\/wp-json\/wp\/v2\/posts\/11663\/revisions\/11665"}],"wp:featuredmedia":[{"embeddable":true,"href":"https:\/\/dgospel.com.br\/portal\/index.php\/wp-json\/wp\/v2\/media\/11664"}],"wp:attachment":[{"href":"https:\/\/dgospel.com.br\/portal\/index.php\/wp-json\/wp\/v2\/media?parent=11663"}],"wp:term":[{"taxonomy":"category","embeddable":true,"href":"https:\/\/dgospel.com.br\/portal\/index.php\/wp-json\/wp\/v2\/categories?post=11663"},{"taxonomy":"post_tag","embeddable":true,"href":"https:\/\/dgospel.com.br\/portal\/index.php\/wp-json\/wp\/v2\/tags?post=11663"}],"curies":[{"name":"wp","href":"https:\/\/api.w.org\/{rel}","templated":true}]}}