{"id":11666,"date":"2022-06-29T10:08:14","date_gmt":"2022-06-29T13:08:14","guid":{"rendered":"http:\/\/dgospel.com.br\/portal\/?p=11666"},"modified":"2022-06-29T10:08:14","modified_gmt":"2022-06-29T13:08:14","slug":"mendonca-e-eleito-presidente-da-segunda-turma-do-stf","status":"publish","type":"post","link":"https:\/\/dgospel.com.br\/portal\/index.php\/2022\/06\/29\/mendonca-e-eleito-presidente-da-segunda-turma-do-stf\/","title":{"rendered":"Mendon\u00e7a \u00e9 eleito presidente da Segunda Turma do STF"},"content":{"rendered":"\n<p>Nesta ter\u00e7a-feira (28), os ministros da 2\u00aa Turma do Supremo Tribunal Federal (STF) votaram e elegeram o ministro Andr\u00e9 Mendon\u00e7a como o pr\u00f3ximo presidente do colegiado. Ele ir\u00e1 assumir em agosto, no lugar do atual presidente, ministro Nunes Marques.<\/p>\n\n\n\n<p>Mendon\u00e7a ficar\u00e1 no posto por um ano. Como presidente, ele passar\u00e1 a ser o respons\u00e1vel por definir os casos que ser\u00e3o analisados pela 2\u00aa Turma do STF.<\/p>\n\n\n\n<p>Ap\u00f3s a elei\u00e7\u00e3o, Mendon\u00e7a agradeceu aos colegas.<\/p>\n\n\n\n<p>\u2013 A vida \u00e9 feita de desafios e tenho certeza [de] que, com o apoio de Vossas Excel\u00eancias, com a contribui\u00e7\u00e3o e a paci\u00eancia, eu espero, de alguma forma, agregar na condu\u00e7\u00e3o dos trabalhos \u2013 afirmou.<\/p>\n\n\n\n<p>Al\u00e9m de Nunes Marques e Andr\u00e9 Mendon\u00e7a, a 2\u00aa Turma do STF \u00e9 composta ainda pelos ministros Ricardo Lewandowski, Edson Fachin e Gilmar Mendes.<\/p>\n","protected":false},"excerpt":{"rendered":"<p>Nesta ter\u00e7a-feira (28), os ministros da 2\u00aa Turma do Supremo Tribunal Federal (STF) votaram e elegeram o ministro Andr\u00e9 Mendon\u00e7a como o pr\u00f3ximo presidente do colegiado. Ele ir\u00e1 assumir em agosto, no lugar do atual presidente, ministro Nunes Marques. Mendon\u00e7a ficar\u00e1 no posto por um ano. Como presidente, ele passar\u00e1 a ser o respons\u00e1vel por [&hellip;]<\/p>\n","protected":false},"author":2,"featured_media":11667,"comment_status":"open","ping_status":"open","sticky":false,"template":"","format":"standard","meta":[],"categories":[4],"tags":[14],"_links":{"self":[{"href":"https:\/\/dgospel.com.br\/portal\/index.php\/wp-json\/wp\/v2\/posts\/11666"}],"collection":[{"href":"https:\/\/dgospel.com.br\/portal\/index.php\/wp-json\/wp\/v2\/posts"}],"about":[{"href":"https:\/\/dgospel.com.br\/portal\/index.php\/wp-json\/wp\/v2\/types\/post"}],"author":[{"embeddable":true,"href":"https:\/\/dgospel.com.br\/portal\/index.php\/wp-json\/wp\/v2\/users\/2"}],"replies":[{"embeddable":true,"href":"https:\/\/dgospel.com.br\/portal\/index.php\/wp-json\/wp\/v2\/comments?post=11666"}],"version-history":[{"count":1,"href":"https:\/\/dgospel.com.br\/portal\/index.php\/wp-json\/wp\/v2\/posts\/11666\/revisions"}],"predecessor-version":[{"id":11668,"href":"https:\/\/dgospel.com.br\/portal\/index.php\/wp-json\/wp\/v2\/posts\/11666\/revisions\/11668"}],"wp:featuredmedia":[{"embeddable":true,"href":"https:\/\/dgospel.com.br\/portal\/index.php\/wp-json\/wp\/v2\/media\/11667"}],"wp:attachment":[{"href":"https:\/\/dgospel.com.br\/portal\/index.php\/wp-json\/wp\/v2\/media?parent=11666"}],"wp:term":[{"taxonomy":"category","embeddable":true,"href":"https:\/\/dgospel.com.br\/portal\/index.php\/wp-json\/wp\/v2\/categories?post=11666"},{"taxonomy":"post_tag","embeddable":true,"href":"https:\/\/dgospel.com.br\/portal\/index.php\/wp-json\/wp\/v2\/tags?post=11666"}],"curies":[{"name":"wp","href":"https:\/\/api.w.org\/{rel}","templated":true}]}}