{"id":11675,"date":"2022-06-30T12:42:21","date_gmt":"2022-06-30T15:42:21","guid":{"rendered":"http:\/\/dgospel.com.br\/portal\/?p=11675"},"modified":"2022-06-30T12:42:22","modified_gmt":"2022-06-30T15:42:22","slug":"vereadora-laudecy-coimbra-renuncia-cargo-de-lider-da-prefeita-na-camara-de-palmas","status":"publish","type":"post","link":"https:\/\/dgospel.com.br\/portal\/index.php\/2022\/06\/30\/vereadora-laudecy-coimbra-renuncia-cargo-de-lider-da-prefeita-na-camara-de-palmas\/","title":{"rendered":"Vereadora Laudecy Coimbra renuncia cargo de l\u00edder da Prefeita na C\u00e2mara de Palmas"},"content":{"rendered":"\n<p>Na manh\u00e3 desta quinta-feira, 30, a vereadora Laudecy Coimbra usou a tribuna da C\u00e2mara para renunciar ao cargo de l\u00edder de governo na Casa. Na fala, a parlamentar destacou sua trajet\u00f3ria pol\u00edtica e ressaltou a import\u00e2ncia de manter a confian\u00e7a e o respeito no relacionamento pol\u00edtico em todos os cen\u00e1rios.<\/p>\n\n\n\n<p>Laudecy explicou que a decis\u00e3o partiu de situa\u00e7\u00f5es ocorridas nos \u00faltimos dias, das quais subentende-se falta de confian\u00e7a na sua atua\u00e7\u00e3o como l\u00edder de governo, al\u00e9m disso, afirmou que a decis\u00e3o n\u00e3o se refere a um rompimento com a gest\u00e3o, somente com o cargo de l\u00edder. \u201cLaudecy Coimbra n\u00e3o \u00e9 mulher que trai e nem engana ningu\u00e9m. Para estar comigo \u00e9 necess\u00e1rio confian\u00e7a, seja qual for o relacionamento, principalmente pol\u00edtico, onde n\u00e3o existe papel assinado, somente a palavra. Eu recebi o convite para ser l\u00edder de governo atrav\u00e9s de um telefonema, e aceitei. Se eu dei a minha palavra, pode confiar, ela \u00e9 uma s\u00f3\u201d, refor\u00e7ou.<\/p>\n\n\n\n<p>Al\u00e9m disso, a vereadora deixou claro que sua dignidade n\u00e3o est\u00e1 em jogo e pediu respeito. Pois como l\u00edder de governo ela n\u00e3o desfrutou de nenhuma assessoria ou estrutura, para fazer a defesa da gest\u00e3o no parlamento. \u201cSou filha de um homem e mulher s\u00e9rios, que me deram princ\u00edpios. Os \u00faltimos acontecimentos afetaram a minha honra. N\u00e3o tenho m\u00e1 conduta, se for pra sobreviver assim eu saio da pol\u00edtica, mas minha dignidade n\u00e3o est\u00e1 em jogo, por nada e por pre\u00e7o nenhum\u201d, finalizou.<\/p>\n","protected":false},"excerpt":{"rendered":"<p>Na manh\u00e3 desta quinta-feira, 30, a vereadora Laudecy Coimbra usou a tribuna da C\u00e2mara para renunciar ao cargo de l\u00edder de governo na Casa. Na fala, a parlamentar destacou sua trajet\u00f3ria pol\u00edtica e ressaltou a import\u00e2ncia de manter a confian\u00e7a e o respeito no relacionamento pol\u00edtico em todos os cen\u00e1rios. Laudecy explicou que a decis\u00e3o [&hellip;]<\/p>\n","protected":false},"author":2,"featured_media":11676,"comment_status":"open","ping_status":"open","sticky":false,"template":"","format":"standard","meta":[],"categories":[8],"tags":[],"_links":{"self":[{"href":"https:\/\/dgospel.com.br\/portal\/index.php\/wp-json\/wp\/v2\/posts\/11675"}],"collection":[{"href":"https:\/\/dgospel.com.br\/portal\/index.php\/wp-json\/wp\/v2\/posts"}],"about":[{"href":"https:\/\/dgospel.com.br\/portal\/index.php\/wp-json\/wp\/v2\/types\/post"}],"author":[{"embeddable":true,"href":"https:\/\/dgospel.com.br\/portal\/index.php\/wp-json\/wp\/v2\/users\/2"}],"replies":[{"embeddable":true,"href":"https:\/\/dgospel.com.br\/portal\/index.php\/wp-json\/wp\/v2\/comments?post=11675"}],"version-history":[{"count":1,"href":"https:\/\/dgospel.com.br\/portal\/index.php\/wp-json\/wp\/v2\/posts\/11675\/revisions"}],"predecessor-version":[{"id":11677,"href":"https:\/\/dgospel.com.br\/portal\/index.php\/wp-json\/wp\/v2\/posts\/11675\/revisions\/11677"}],"wp:featuredmedia":[{"embeddable":true,"href":"https:\/\/dgospel.com.br\/portal\/index.php\/wp-json\/wp\/v2\/media\/11676"}],"wp:attachment":[{"href":"https:\/\/dgospel.com.br\/portal\/index.php\/wp-json\/wp\/v2\/media?parent=11675"}],"wp:term":[{"taxonomy":"category","embeddable":true,"href":"https:\/\/dgospel.com.br\/portal\/index.php\/wp-json\/wp\/v2\/categories?post=11675"},{"taxonomy":"post_tag","embeddable":true,"href":"https:\/\/dgospel.com.br\/portal\/index.php\/wp-json\/wp\/v2\/tags?post=11675"}],"curies":[{"name":"wp","href":"https:\/\/api.w.org\/{rel}","templated":true}]}}