{"id":11681,"date":"2022-07-01T10:58:43","date_gmt":"2022-07-01T13:58:43","guid":{"rendered":"http:\/\/dgospel.com.br\/portal\/?p=11681"},"modified":"2022-07-01T10:58:45","modified_gmt":"2022-07-01T13:58:45","slug":"tandara-a-nova-vitima-do-odio-do-bem-contra-quem-nao-aceita-a-patrulha-lgbt","status":"publish","type":"post","link":"https:\/\/dgospel.com.br\/portal\/index.php\/2022\/07\/01\/tandara-a-nova-vitima-do-odio-do-bem-contra-quem-nao-aceita-a-patrulha-lgbt\/","title":{"rendered":"Tandara: a nova v\u00edtima do \u2018\u00f3dio do bem\u2019 contra quem n\u00e3o aceita a patrulha LGBT"},"content":{"rendered":"\n<p>A Constitui\u00e7\u00e3o Federal, em seu artigo 5\u00b0, diz que \u201c\u00e9 livre a manifesta\u00e7\u00e3o do pensamento\u201d, assim como \u201c\u00e9 livre a express\u00e3o da atividade intelectual, art\u00edstica, cient\u00edfica e de comunica\u00e7\u00e3o, independentemente de censura ou licen\u00e7a\u201d. Mas, ser\u00e1 que a patrulha LGBT tem respeitado essas garantias, em mat\u00e9ria de contradit\u00f3rio?<\/p>\n\n\n\n<p>Em poucos dias, dois casos ocorridos no Brasil podem servir para nos dar essa resposta: o primeiro, com&nbsp;<a href=\"https:\/\/noticias.gospelmais.com.br\/crista-ataques-bruna-karla-ativismo-lgbt-censurar-igreja-155378.html\"><strong>a cantora Bruna Karla<\/strong><\/a>, chamada de \u201chomof\u00f3bica\u201d por se recusar a cantar em um \u201ccasamento gay\u201d; e agora com a jogadora da Sele\u00e7\u00e3o Brasileira de V\u00f4lei, Tandara Caixeta, tamb\u00e9m v\u00edtima de ataques do \u201c\u00f3dio do bem\u201d.<\/p>\n\n\n\n<p>Qual foi o grande \u201cabsurdo\u201d cometido por Tandara?<\/p>\n\n\n\n<p>Ela simplesmente comemorou uma decis\u00e3o da Federa\u00e7\u00e3o Internacional de Nata\u00e7\u00e3o, que restringiu a participa\u00e7\u00e3o de atletas transg\u00eaneros em competi\u00e7\u00f5es femininas. A jogadora defendeu que a mesma decis\u00e3o deva ser tomada em todos os esportes.<\/p>\n\n\n\n<p>Tandara passou a ser alvo das piores ofensas, incluindo desejos absurdos como o de morte e viol\u00eancia f\u00edsica. Tudo por manifestar a sua opini\u00e3o. Esse \u00e9 o retrato fiel do que significa o ativismo LGBT, na pr\u00e1tica: uma m\u00e1quina de ataques, censura e amea\u00e7a contra todos que se levantam contra a\u00a0<a href=\"https:\/\/colunas.gospelmais.com.br\/mauricio-souza-caso-alarmante-ameaca-liberdade-religiosa_35816.html\"><strong>ditadura ideol\u00f3gica do movimento<\/strong><\/a>.<\/p>\n\n\n\n<h3>Ativismo n\u00e3o \u00e9 povo<\/h3>\n\n\n\n<p>\u00c9 importante dizer que o ativismo LGBT n\u00e3o \u00e9 a mesma coisa que o p\u00fablico LGBT. \u00c9 por isso que existem muitos homossexuais, trans e outros que n\u00e3o compactuam com esse movimento, pois tudo o que essas pessoas querem \u00e9 o respeito por suas diferen\u00e7as, e n\u00e3o a imposi\u00e7\u00e3o de uma ideologia goela abaixo da sociedade.<\/p>\n\n\n\n<p>O ativismo sexual, por outro lado, \u00e9 composto por pessoas engajadas numa causa que visa a desconstru\u00e7\u00e3o da cultura judaico-crist\u00e3, seus valores e heran\u00e7as. Para isso, alterar todas as estruturas sociais, incluindo a no\u00e7\u00e3o das diferen\u00e7as entre homens e mulheres no esporte, \u00e9 parte desse processo.<\/p>\n\n\n\n<p>Enquanto o povo real, incluindo parte do p\u00fablico LGBT, n\u00e3o compactua com o \u201c\u00f3dio do bem\u201d vomitado contra n\u00f3s, conservadores e crist\u00e3os em geral, o ativismo como causa ideol\u00f3gica segue atacando, amea\u00e7ando e censurando os que se posicionam contra as suas inten\u00e7\u00f5es, a exemplo de Bruna Karla e Tandara.<\/p>\n\n\n\n<p>Eu, Marisa Lobo, sei bem o que \u00e9 o ativismo LGBT, porque j\u00e1 fui alvo de v\u00e1rios processos devido \u00e0 minha luta contra a ideologia de g\u00eanero. Apesar disso, continuo aqui, fazendo a minha parte alertando, pois o sil\u00eancio \u00e9 tudo o que eles querem de n\u00f3s, mas este gostinho eu n\u00e3o darei, jamais!<\/p>\n\n\n\n<p><strong><\/strong><\/p>\n","protected":false},"excerpt":{"rendered":"<p>A Constitui\u00e7\u00e3o Federal, em seu artigo 5\u00b0, diz que \u201c\u00e9 livre a manifesta\u00e7\u00e3o do pensamento\u201d, assim como \u201c\u00e9 livre a express\u00e3o da atividade intelectual, art\u00edstica, cient\u00edfica e de comunica\u00e7\u00e3o, independentemente de censura ou licen\u00e7a\u201d. Mas, ser\u00e1 que a patrulha LGBT tem respeitado essas garantias, em mat\u00e9ria de contradit\u00f3rio? Em poucos dias, dois casos ocorridos no [&hellip;]<\/p>\n","protected":false},"author":2,"featured_media":11682,"comment_status":"open","ping_status":"open","sticky":false,"template":"","format":"standard","meta":[],"categories":[10,5],"tags":[],"_links":{"self":[{"href":"https:\/\/dgospel.com.br\/portal\/index.php\/wp-json\/wp\/v2\/posts\/11681"}],"collection":[{"href":"https:\/\/dgospel.com.br\/portal\/index.php\/wp-json\/wp\/v2\/posts"}],"about":[{"href":"https:\/\/dgospel.com.br\/portal\/index.php\/wp-json\/wp\/v2\/types\/post"}],"author":[{"embeddable":true,"href":"https:\/\/dgospel.com.br\/portal\/index.php\/wp-json\/wp\/v2\/users\/2"}],"replies":[{"embeddable":true,"href":"https:\/\/dgospel.com.br\/portal\/index.php\/wp-json\/wp\/v2\/comments?post=11681"}],"version-history":[{"count":1,"href":"https:\/\/dgospel.com.br\/portal\/index.php\/wp-json\/wp\/v2\/posts\/11681\/revisions"}],"predecessor-version":[{"id":11683,"href":"https:\/\/dgospel.com.br\/portal\/index.php\/wp-json\/wp\/v2\/posts\/11681\/revisions\/11683"}],"wp:featuredmedia":[{"embeddable":true,"href":"https:\/\/dgospel.com.br\/portal\/index.php\/wp-json\/wp\/v2\/media\/11682"}],"wp:attachment":[{"href":"https:\/\/dgospel.com.br\/portal\/index.php\/wp-json\/wp\/v2\/media?parent=11681"}],"wp:term":[{"taxonomy":"category","embeddable":true,"href":"https:\/\/dgospel.com.br\/portal\/index.php\/wp-json\/wp\/v2\/categories?post=11681"},{"taxonomy":"post_tag","embeddable":true,"href":"https:\/\/dgospel.com.br\/portal\/index.php\/wp-json\/wp\/v2\/tags?post=11681"}],"curies":[{"name":"wp","href":"https:\/\/api.w.org\/{rel}","templated":true}]}}