{"id":11684,"date":"2022-07-01T11:04:09","date_gmt":"2022-07-01T14:04:09","guid":{"rendered":"http:\/\/dgospel.com.br\/portal\/?p=11684"},"modified":"2022-07-01T11:04:11","modified_gmt":"2022-07-01T14:04:11","slug":"mp-sp-pede-bloqueio-de-bens-de-alckmin-no-caso-odebrecht","status":"publish","type":"post","link":"https:\/\/dgospel.com.br\/portal\/index.php\/2022\/07\/01\/mp-sp-pede-bloqueio-de-bens-de-alckmin-no-caso-odebrecht\/","title":{"rendered":"MP-SP pede bloqueio de bens de Alckmin no caso Odebrecht"},"content":{"rendered":"\n<p>O Minist\u00e9rio P\u00fablico de S\u00e3o Paulo, por meio do promotor Ricardo Manuel Castro, entrou com um recurso contra a decis\u00e3o da justi\u00e7a paulista que revogou, no \u00faltimo dia 19, o bloqueio dos bens do ex-governador Geraldo Alckimin (PSB-SP) at\u00e9 o valor de R$ 9,9 milh\u00f5es.<\/p>\n\n\n\n<p>O pr\u00e9-candidato a vice-presidente na chapa de Lula (PT) \u00e9 r\u00e9u em uma a\u00e7\u00e3o de improbidade administrativa por suposto recebimento de caixa dois da Odebrecht nas elei\u00e7\u00f5es de 2014. Alckmin foi acusado de receber R$ 7,8 milh\u00f5es da construtora na \u00e9poca em que foi reeleito governador pelo PSDB.<\/p>\n\n\n\n<p>Al\u00e9m da dela\u00e7\u00e3o dos ex-executivos da empreiteira, o MP agregou \u00e0 investiga\u00e7\u00e3o planilhas de um doleiro, mensagens trocadas pela transportadora encarregada de distribuir os valores e grava\u00e7\u00f5es telef\u00f4nicas que mostram entregas de dinheiro vivo na casa de um ex-assessor do governo em S\u00e3o Paulo. Alckmin nega todas as acusa\u00e7\u00f5es.<\/p>\n\n\n\n<p>O bloqueio dos bens havia sido determinado em 2019 para garantir que Alckimin tenha como devolver dinheiro aos cofres p\u00fablicos em caso de condena\u00e7\u00e3o.<\/p>\n\n\n\n<p>A ju\u00edza Luiza Barros Rozas Verotti, da 13\u00aa Vara da Fazenda P\u00fablica, afirmou que n\u00e3o havia mais motivo para manter os im\u00f3veis, ve\u00edculos e contas banc\u00e1rias em nome de Alckmin indispon\u00edveis depois das altera\u00e7\u00f5es feitas pelo Congresso na Lei de Improbidade no ano passado, afrouxando as puni\u00e7\u00f5es.<\/p>\n\n\n\n<p>Para a magistrada, o MP agora precisaria provar que \u201ch\u00e1 ind\u00edcios concretos de dilapida\u00e7\u00e3o do patrim\u00f4nio\u201d para justificar o bloqueio. Ou seja, seria necess\u00e1rio comprovar que Alckmin tinha a inten\u00e7\u00e3o de se desfazer do patrim\u00f4nio para escapar da devolu\u00e7\u00e3o do dinheiro em caso de condena\u00e7\u00e3o.<\/p>\n\n\n\n<p>A promotoria, por sua vez, afirma que a nova Lei de Improbidade n\u00e3o deve ser aplicada de forma retroativa, em a\u00e7\u00f5es j\u00e1 aceitas pela Justi\u00e7a no passado, e o bloqueio de bens no caso de Alckmin se mostra \u201crazo\u00e1vel e proporcional\u201d para quem \u201cdilapidou o patrim\u00f4nio p\u00fablico apossando-se fraudulentamente daquilo que n\u00e3o lhe pertencia\u201d.<\/p>\n\n\n\n<p>O recurso pedindo o novo bloqueio de bens do ex-governador ainda ser\u00e1 analisado pela Justi\u00e7a e pode causar inc\u00f4modo \u00e0 chapa Lula-Alckmin em plena campanha.<\/p>\n","protected":false},"excerpt":{"rendered":"<p>O Minist\u00e9rio P\u00fablico de S\u00e3o Paulo, por meio do promotor Ricardo Manuel Castro, entrou com um recurso contra a decis\u00e3o da justi\u00e7a paulista que revogou, no \u00faltimo dia 19, o bloqueio dos bens do ex-governador Geraldo Alckimin (PSB-SP) at\u00e9 o valor de R$ 9,9 milh\u00f5es. O pr\u00e9-candidato a vice-presidente na chapa de Lula (PT) \u00e9 [&hellip;]<\/p>\n","protected":false},"author":2,"featured_media":11685,"comment_status":"open","ping_status":"open","sticky":false,"template":"","format":"standard","meta":[],"categories":[4],"tags":[14],"_links":{"self":[{"href":"https:\/\/dgospel.com.br\/portal\/index.php\/wp-json\/wp\/v2\/posts\/11684"}],"collection":[{"href":"https:\/\/dgospel.com.br\/portal\/index.php\/wp-json\/wp\/v2\/posts"}],"about":[{"href":"https:\/\/dgospel.com.br\/portal\/index.php\/wp-json\/wp\/v2\/types\/post"}],"author":[{"embeddable":true,"href":"https:\/\/dgospel.com.br\/portal\/index.php\/wp-json\/wp\/v2\/users\/2"}],"replies":[{"embeddable":true,"href":"https:\/\/dgospel.com.br\/portal\/index.php\/wp-json\/wp\/v2\/comments?post=11684"}],"version-history":[{"count":1,"href":"https:\/\/dgospel.com.br\/portal\/index.php\/wp-json\/wp\/v2\/posts\/11684\/revisions"}],"predecessor-version":[{"id":11686,"href":"https:\/\/dgospel.com.br\/portal\/index.php\/wp-json\/wp\/v2\/posts\/11684\/revisions\/11686"}],"wp:featuredmedia":[{"embeddable":true,"href":"https:\/\/dgospel.com.br\/portal\/index.php\/wp-json\/wp\/v2\/media\/11685"}],"wp:attachment":[{"href":"https:\/\/dgospel.com.br\/portal\/index.php\/wp-json\/wp\/v2\/media?parent=11684"}],"wp:term":[{"taxonomy":"category","embeddable":true,"href":"https:\/\/dgospel.com.br\/portal\/index.php\/wp-json\/wp\/v2\/categories?post=11684"},{"taxonomy":"post_tag","embeddable":true,"href":"https:\/\/dgospel.com.br\/portal\/index.php\/wp-json\/wp\/v2\/tags?post=11684"}],"curies":[{"name":"wp","href":"https:\/\/api.w.org\/{rel}","templated":true}]}}