{"id":11687,"date":"2022-07-01T11:06:45","date_gmt":"2022-07-01T14:06:45","guid":{"rendered":"http:\/\/dgospel.com.br\/portal\/?p=11687"},"modified":"2022-07-01T11:06:46","modified_gmt":"2022-07-01T14:06:46","slug":"cotado-a-vice-presidente-braga-netto-e-exonerado-do-governo","status":"publish","type":"post","link":"https:\/\/dgospel.com.br\/portal\/index.php\/2022\/07\/01\/cotado-a-vice-presidente-braga-netto-e-exonerado-do-governo\/","title":{"rendered":"Cotado a vice-presidente, Braga Netto \u00e9 exonerado do governo"},"content":{"rendered":"\n<p>O general Walter Braga Netto foi exonerado da assessoria da Presid\u00eancia da Rep\u00fablica, o que indica que ele deve ser oficializado como vice de Jair Bolsonaro na chapa. \u00c9 importante lembrar que, para ser candidato, \u00e9 necess\u00e1rio se desvincular de cargos no Executivo Federal at\u00e9 o final de junho. A sa\u00edda foi publicada no Di\u00e1rio Oficial da Uni\u00e3o desta sexta-feira (1\u00b0).<\/p>\n\n\n\n<p>Al\u00e9m de candidato a vice-presidente, Braga Netto ser\u00e1 um dos coordenadores da campanha \u00e0 reelei\u00e7\u00e3o do presidente. A partir desta segunda (4), ele j\u00e1 ter\u00e1 uma sala no comit\u00ea eleitoral instalado em Bras\u00edlia. De l\u00e1, ir\u00e1 despachar e ser\u00e1 um dos principais nomes do presidente nos bastidores da campanha.<\/p>\n\n\n\n<p>O ex-ministro da defesa e da Casa Civil tamb\u00e9m ir\u00e1 cuidar da organiza\u00e7\u00e3o do comit\u00ea eleitoral, que passar\u00e1 a funcionar oficialmente neste m\u00eas. Quem vai assumir a assessoria no lugar de Braga Netto ser\u00e1 Jos\u00e9 Vicente Santini, que atuava como secret\u00e1rio Nacional de Justi\u00e7a do Minist\u00e9rio da Justi\u00e7a.<\/p>\n","protected":false},"excerpt":{"rendered":"<p>O general Walter Braga Netto foi exonerado da assessoria da Presid\u00eancia da Rep\u00fablica, o que indica que ele deve ser oficializado como vice de Jair Bolsonaro na chapa. \u00c9 importante lembrar que, para ser candidato, \u00e9 necess\u00e1rio se desvincular de cargos no Executivo Federal at\u00e9 o final de junho. A sa\u00edda foi publicada no Di\u00e1rio [&hellip;]<\/p>\n","protected":false},"author":2,"featured_media":11688,"comment_status":"open","ping_status":"open","sticky":false,"template":"","format":"standard","meta":[],"categories":[4],"tags":[14],"_links":{"self":[{"href":"https:\/\/dgospel.com.br\/portal\/index.php\/wp-json\/wp\/v2\/posts\/11687"}],"collection":[{"href":"https:\/\/dgospel.com.br\/portal\/index.php\/wp-json\/wp\/v2\/posts"}],"about":[{"href":"https:\/\/dgospel.com.br\/portal\/index.php\/wp-json\/wp\/v2\/types\/post"}],"author":[{"embeddable":true,"href":"https:\/\/dgospel.com.br\/portal\/index.php\/wp-json\/wp\/v2\/users\/2"}],"replies":[{"embeddable":true,"href":"https:\/\/dgospel.com.br\/portal\/index.php\/wp-json\/wp\/v2\/comments?post=11687"}],"version-history":[{"count":1,"href":"https:\/\/dgospel.com.br\/portal\/index.php\/wp-json\/wp\/v2\/posts\/11687\/revisions"}],"predecessor-version":[{"id":11689,"href":"https:\/\/dgospel.com.br\/portal\/index.php\/wp-json\/wp\/v2\/posts\/11687\/revisions\/11689"}],"wp:featuredmedia":[{"embeddable":true,"href":"https:\/\/dgospel.com.br\/portal\/index.php\/wp-json\/wp\/v2\/media\/11688"}],"wp:attachment":[{"href":"https:\/\/dgospel.com.br\/portal\/index.php\/wp-json\/wp\/v2\/media?parent=11687"}],"wp:term":[{"taxonomy":"category","embeddable":true,"href":"https:\/\/dgospel.com.br\/portal\/index.php\/wp-json\/wp\/v2\/categories?post=11687"},{"taxonomy":"post_tag","embeddable":true,"href":"https:\/\/dgospel.com.br\/portal\/index.php\/wp-json\/wp\/v2\/tags?post=11687"}],"curies":[{"name":"wp","href":"https:\/\/api.w.org\/{rel}","templated":true}]}}