{"id":11693,"date":"2022-07-01T12:07:46","date_gmt":"2022-07-01T15:07:46","guid":{"rendered":"http:\/\/dgospel.com.br\/portal\/?p=11693"},"modified":"2022-07-01T12:07:48","modified_gmt":"2022-07-01T15:07:48","slug":"governo-do-tocantins-assina-termo-de-convenio-para-execucao-do-projeto-tocantins-pelo-mundo","status":"publish","type":"post","link":"https:\/\/dgospel.com.br\/portal\/index.php\/2022\/07\/01\/governo-do-tocantins-assina-termo-de-convenio-para-execucao-do-projeto-tocantins-pelo-mundo\/","title":{"rendered":"Governo do Tocantins assina termo de conv\u00eanio para execu\u00e7\u00e3o do projeto Tocantins pelo Mundo"},"content":{"rendered":"\n<p>O Governo do Tocantins, por meio da Secretaria da Ind\u00fastria, Com\u00e9rcio e Servi\u00e7os (Sics), em parceria com a Universidade Federal do Tocantins (UFT) e a Funda\u00e7\u00e3o de Apoio Cient\u00edfico e Tecnol\u00f3gico do Tocantins (Fapto) , assinaram nessa quinta-feira, 30, o termo de conv\u00eanio para execu\u00e7\u00e3o do projeto&nbsp;<em>Tocantins Pelo Mundo<\/em>. A a\u00e7\u00e3o foi apresentada ao Conselho Estadual de Desenvolvimento Econ\u00f4mico (CDE-TO) que aprovou aporte de recurso no valor de R$ 298.462,28. A iniciativa visa preparar empresas tocantinenses de pequeno e m\u00e9dio porte para realizarem a exporta\u00e7\u00e3o de seus produtos e servi\u00e7os.<\/p>\n\n\n\n<p>A a\u00e7\u00e3o ir\u00e1 qualificar empreendedores atrav\u00e9s da disponibiliza\u00e7\u00e3o de workshops empresariais, al\u00e9m de realizar levantamento sobre as empresas que possuem potencial para a atividade e as que j\u00e1 atuam na \u00e1rea, estabelecendo o perfil exportador das empresas do Tocantins.<\/p>\n\n\n\n<p>Para o reitor da UFT, Lu\u00eds Eduardo Bovolato, o projeto ir\u00e1 valorizar o potencial de exporta\u00e7\u00e3o do Tocantins, al\u00e9m de inserir o empres\u00e1rio local em um mercado promissor, para o desenvolvimento da economia.<\/p>\n\n\n\n<p>\u201cA perspectiva de prepara\u00e7\u00e3o de empresas para o setor da exporta\u00e7\u00e3o \u00e9 algo que vai agregar valor ao circuito produtivo e o Tocantins ganha muito com isso. H\u00e1 tamb\u00e9m a possibilidade de amplia\u00e7\u00e3o da atividade econ\u00f4mica e tamb\u00e9m da valoriza\u00e7\u00e3o dos profissionais ligados \u00e0 academia, criando dessa forma um ambiente prop\u00edcio para o desenvolvimento do Tocantins\u201d, afirmou Bovolato.<\/p>\n\n\n\n<p>\u201cEsse projeto permitir\u00e1 que a gente leve o conhecimento da academia para o mercado de trabalho, qualificando as empresas e desenvolvendo o Tocantins\u201d, completou o diretor geral da Fapto, L\u00e9o Ara\u00fajo.<\/p>\n\n\n\n<p>Para o gestor da Sics, Carlos Humberto Lima, apoiar esse tipo de iniciativa auxilia o empreendedor a exercer maior influ\u00eancia em mercados de abrang\u00eancia nacional e internacional, possibilitando o crescimento do seu neg\u00f3cio e viabilizando fortalecimento econ\u00f4mico para o Tocantins.<\/p>\n\n\n\n<p>\u201cUm estado como o Tocantins precisa estar pronto para todas as alternativas de mercado. Quando prestamos esse tipo de apoio ao empreendedor de pequeno e m\u00e9dio porte, criamos possibilidades para ele se desenvolver e criar rela\u00e7\u00f5es externas que v\u00e3o agregar maior valor para o seu neg\u00f3cio e desenvolvimento para o Tocantins. Fazemos fronteira com seis estados, o que nos torna uma regi\u00e3o de excelente log\u00edstica multimodal de transporte. Precisamos que o empreendedor esteja ciente desses recursos e saiba como utiliz\u00e1-los da melhor forma poss\u00edvel\u201d, frisou Carlos Humberto Lima.<\/p>\n\n\n\n<p><img src=\"https:\/\/central.to.gov.br\/image\/298581?w=670&amp;h=383\"><\/p>\n\n\n\n<p>Projeto visa melhorias para o setor de exporta\u00e7\u00e3o &#8211; Matheus Alc\u00e2ntara\/Governo do Tocantins<\/p>\n","protected":false},"excerpt":{"rendered":"<p>O Governo do Tocantins, por meio da Secretaria da Ind\u00fastria, Com\u00e9rcio e Servi\u00e7os (Sics), em parceria com a Universidade Federal do Tocantins (UFT) e a Funda\u00e7\u00e3o de Apoio Cient\u00edfico e Tecnol\u00f3gico do Tocantins (Fapto) , assinaram nessa quinta-feira, 30, o termo de conv\u00eanio para execu\u00e7\u00e3o do projeto&nbsp;Tocantins Pelo Mundo. A a\u00e7\u00e3o foi apresentada ao Conselho [&hellip;]<\/p>\n","protected":false},"author":2,"featured_media":11694,"comment_status":"open","ping_status":"open","sticky":false,"template":"","format":"standard","meta":[],"categories":[3],"tags":[13],"_links":{"self":[{"href":"https:\/\/dgospel.com.br\/portal\/index.php\/wp-json\/wp\/v2\/posts\/11693"}],"collection":[{"href":"https:\/\/dgospel.com.br\/portal\/index.php\/wp-json\/wp\/v2\/posts"}],"about":[{"href":"https:\/\/dgospel.com.br\/portal\/index.php\/wp-json\/wp\/v2\/types\/post"}],"author":[{"embeddable":true,"href":"https:\/\/dgospel.com.br\/portal\/index.php\/wp-json\/wp\/v2\/users\/2"}],"replies":[{"embeddable":true,"href":"https:\/\/dgospel.com.br\/portal\/index.php\/wp-json\/wp\/v2\/comments?post=11693"}],"version-history":[{"count":1,"href":"https:\/\/dgospel.com.br\/portal\/index.php\/wp-json\/wp\/v2\/posts\/11693\/revisions"}],"predecessor-version":[{"id":11695,"href":"https:\/\/dgospel.com.br\/portal\/index.php\/wp-json\/wp\/v2\/posts\/11693\/revisions\/11695"}],"wp:featuredmedia":[{"embeddable":true,"href":"https:\/\/dgospel.com.br\/portal\/index.php\/wp-json\/wp\/v2\/media\/11694"}],"wp:attachment":[{"href":"https:\/\/dgospel.com.br\/portal\/index.php\/wp-json\/wp\/v2\/media?parent=11693"}],"wp:term":[{"taxonomy":"category","embeddable":true,"href":"https:\/\/dgospel.com.br\/portal\/index.php\/wp-json\/wp\/v2\/categories?post=11693"},{"taxonomy":"post_tag","embeddable":true,"href":"https:\/\/dgospel.com.br\/portal\/index.php\/wp-json\/wp\/v2\/tags?post=11693"}],"curies":[{"name":"wp","href":"https:\/\/api.w.org\/{rel}","templated":true}]}}