{"id":11699,"date":"2022-07-01T12:12:20","date_gmt":"2022-07-01T15:12:20","guid":{"rendered":"http:\/\/dgospel.com.br\/portal\/?p=11699"},"modified":"2022-07-01T12:12:21","modified_gmt":"2022-07-01T15:12:21","slug":"governo-do-tocantins-seleciona-83-guarda-vidas-civis-para-atuar-em-16-praias-oficiais-no-estado","status":"publish","type":"post","link":"https:\/\/dgospel.com.br\/portal\/index.php\/2022\/07\/01\/governo-do-tocantins-seleciona-83-guarda-vidas-civis-para-atuar-em-16-praias-oficiais-no-estado\/","title":{"rendered":"Governo do Tocantins seleciona 83 guarda-vidas civis para atuar em 16 praias oficiais no Estado"},"content":{"rendered":"\n<p>Est\u00e3o abertas a partir desta sexta-feira, 1\u00ba de julho, as inscri\u00e7\u00f5es para o Teste F\u00edsico Seletivo (TFS), que vai definir 83 guarda-vidas civis (GVC) para atua\u00e7\u00e3o em 16 praias oficiais no Tocantins. As provas ser\u00e3o aplicadas pelo Corpo de Bombeiros Militar, no dia 5 de julho. Os candidatos devem ter entre 18 e 50 anos de idade e possuir certifica\u00e7\u00e3o de GVC expedida pelo Corpo de Bombeiros Militar, com validade de um ano.<\/p>\n\n\n\n<p>As inscri\u00e7\u00f5es ser\u00e3o preenchidas no link&nbsp;<a href=\"https:\/\/bit.ly\/3OVia2R\">https:\/\/bit.ly\/3OVia2R<\/a>, e todos os interessados precisam atender a uma s\u00e9rie de requisitos, entre eles, ter boa condi\u00e7\u00e3o de sa\u00fade, comprovada por atestado m\u00e9dico, j\u00e1 que a fun\u00e7\u00e3o ser\u00e1 atuar no salvamento aqu\u00e1tico, em preven\u00e7\u00e3o aos afogamentos, na temporada de praia 2022.<\/p>\n\n\n\n<p>Ao preencher a ficha de inscri\u00e7\u00e3o, o candidato dever\u00e1 optar pela localiza\u00e7\u00e3o do Teste F\u00edsico Seletivo, assim como o poss\u00edvel local de presta\u00e7\u00e3o do servi\u00e7o.&nbsp;<\/p>\n\n\n\n<p>O TFS ser\u00e1 a partir das 7 horas, nas sedes do Corpo de Bombeiros Militar nas seguintes cidades: Palmas (Companhia Independente de Busca e Salvamento &#8211; Praia da Graciosa), Aragua\u00edna, Gurupi, Para\u00edso do Tocantins, Porto Nacional, Colinas, Araguatins e Dian\u00f3polis.<\/p>\n\n\n\n<p>Para ser aprovado, \u00e9 preciso aprova\u00e7\u00e3o nas provas de corrida de 400 metros dentro do tempo estabelecido para homens e mulheres, nata\u00e7\u00e3o de 100 metros para ambos os sexos, e no tempo definido pelo edital, bem como flutua\u00e7\u00e3o vertical de 20 minutos.<\/p>\n\n\n\n<p>A aprova\u00e7\u00e3o e ades\u00e3o ao trabalho v\u00e3o garantir ao guarda-vida civil a restitui\u00e7\u00e3o a t\u00edtulo de indeniza\u00e7\u00e3o de R$ 120 para cada 12 horas trabalhadas.<\/p>\n\n\n\n<p>A sele\u00e7\u00e3o dos 83 GVCs \u00e9 um complemento ao trabalho do Corpo de Bombeiros Militar, que, por meio de escala, atende a diversas Praias Oficiais com seu efetivo. Neste final de semana, as equipes j\u00e1 est\u00e3o definidas e prontas para as a\u00e7\u00f5es.<\/p>\n\n\n\n<p>Em meados de junho passado, dezenas de guarda-vidas civis foram formados pelo CBMTO, atendendo uma s\u00e9rie de Prefeituras.<\/p>\n\n\n\n<p>Desta vez, o chamado e a indeniza\u00e7\u00e3o ser\u00e3o por conta do Governo do Tocantins, por meio do CBMTO.<\/p>\n\n\n\n<p><img src=\"https:\/\/central.to.gov.br\/image\/298615?w=670&amp;h=383\"><\/p>\n\n\n\n<p>Candidatos devem ter entre 18 e 50 anos de idade &#8211; Luiz Henrique Machado\/Governo do Tocantins\u00a0<\/p>\n\n\n\n<p><img src=\"https:\/\/central.to.gov.br\/image\/298609?w=670&amp;h=383\"><\/p>\n\n\n\n<p>Candidatos a guarda-vidas civis ter\u00e3o que passar por aprova\u00e7\u00e3o na corrida de 400 metros &#8211; Luiz Henrique Machado\/Governo do Tocantins\u00a0<\/p>\n\n\n\n<p><img src=\"https:\/\/central.to.gov.br\/image\/298612?w=670&amp;h=383\"><\/p>\n\n\n\n<p>Candidatos a guarda-vidas civis s\u00e3o observados enquanto fazem teste na prova de nata\u00e7\u00e3o &#8211; Luiz Henrique Machado\/Governo do Tocantins\u00a0<\/p>\n\n\n\n<p><img src=\"https:\/\/central.to.gov.br\/image\/298607?w=670&amp;h=383\"><\/p>\n\n\n\n<p>Entre as provas para guarda-vidas civic, o candidato ter\u00e1 que fazer a flutua\u00e7\u00e3o vertical de 20 minutos &#8211; Luiz Henrique Machado\/Governo do Tocantins\u00a0<\/p>\n\n\n\n<p><img src=\"https:\/\/central.to.gov.br\/image\/298608?w=670&amp;h=383\"><\/p>\n\n\n\n<p>Provas ser\u00e3o aplicadas pelo Corpo de Bombeiros Militar, no dia 5 de julho &#8211; Luiz Henrique Machado\/Governo do Tocantins\u00a0<\/p>\n","protected":false},"excerpt":{"rendered":"<p>Est\u00e3o abertas a partir desta sexta-feira, 1\u00ba de julho, as inscri\u00e7\u00f5es para o Teste F\u00edsico Seletivo (TFS), que vai definir 83 guarda-vidas civis (GVC) para atua\u00e7\u00e3o em 16 praias oficiais no Tocantins. As provas ser\u00e3o aplicadas pelo Corpo de Bombeiros Militar, no dia 5 de julho. Os candidatos devem ter entre 18 e 50 anos [&hellip;]<\/p>\n","protected":false},"author":2,"featured_media":11700,"comment_status":"open","ping_status":"open","sticky":false,"template":"","format":"standard","meta":[],"categories":[3],"tags":[13],"_links":{"self":[{"href":"https:\/\/dgospel.com.br\/portal\/index.php\/wp-json\/wp\/v2\/posts\/11699"}],"collection":[{"href":"https:\/\/dgospel.com.br\/portal\/index.php\/wp-json\/wp\/v2\/posts"}],"about":[{"href":"https:\/\/dgospel.com.br\/portal\/index.php\/wp-json\/wp\/v2\/types\/post"}],"author":[{"embeddable":true,"href":"https:\/\/dgospel.com.br\/portal\/index.php\/wp-json\/wp\/v2\/users\/2"}],"replies":[{"embeddable":true,"href":"https:\/\/dgospel.com.br\/portal\/index.php\/wp-json\/wp\/v2\/comments?post=11699"}],"version-history":[{"count":1,"href":"https:\/\/dgospel.com.br\/portal\/index.php\/wp-json\/wp\/v2\/posts\/11699\/revisions"}],"predecessor-version":[{"id":11701,"href":"https:\/\/dgospel.com.br\/portal\/index.php\/wp-json\/wp\/v2\/posts\/11699\/revisions\/11701"}],"wp:featuredmedia":[{"embeddable":true,"href":"https:\/\/dgospel.com.br\/portal\/index.php\/wp-json\/wp\/v2\/media\/11700"}],"wp:attachment":[{"href":"https:\/\/dgospel.com.br\/portal\/index.php\/wp-json\/wp\/v2\/media?parent=11699"}],"wp:term":[{"taxonomy":"category","embeddable":true,"href":"https:\/\/dgospel.com.br\/portal\/index.php\/wp-json\/wp\/v2\/categories?post=11699"},{"taxonomy":"post_tag","embeddable":true,"href":"https:\/\/dgospel.com.br\/portal\/index.php\/wp-json\/wp\/v2\/tags?post=11699"}],"curies":[{"name":"wp","href":"https:\/\/api.w.org\/{rel}","templated":true}]}}