{"id":11704,"date":"2022-07-02T16:27:16","date_gmt":"2022-07-02T19:27:16","guid":{"rendered":"http:\/\/dgospel.com.br\/portal\/?p=11704"},"modified":"2022-07-02T16:27:17","modified_gmt":"2022-07-02T19:27:17","slug":"frente-evangelica-quer-lancar-marco-feliciano-ao-senado","status":"publish","type":"post","link":"https:\/\/dgospel.com.br\/portal\/index.php\/2022\/07\/02\/frente-evangelica-quer-lancar-marco-feliciano-ao-senado\/","title":{"rendered":"Frente Evang\u00e9lica quer lan\u00e7ar Marco Feliciano ao Senado"},"content":{"rendered":"\n<p>O nome de Marco Feliciano (PL) ganhou for\u00e7a entre os evang\u00e9licos para ocupar a vaga de candidato ao Senado por S\u00e3o Paulo na chapa de Tarc\u00edsio de Freitas (Republicanos). O presidente da Frente Parlamentar Evang\u00e9lica no Congresso, deputado S\u00f3stenes Cavalcante, afirmou que o grupo \u201cn\u00e3o abre m\u00e3o\u201d da candidatura do deputado federal. A informa\u00e7\u00e3o \u00e9 do Estad\u00e3o.<\/p>\n\n\n\n<p>A mobiliza\u00e7\u00e3o por Feliciano come\u00e7ou h\u00e1 dois meses, mas aumentou nesta semana ap\u00f3s desist\u00eancia de Jos\u00e9 Luiz Datena (PSC) como o nome de Jair Bolsonaro na disputa. O objetivo da bancada religiosa \u00e9 que o presidente apoie o pastor nas elei\u00e7\u00f5es.<\/p>\n\n\n\n<p>\u2013 N\u00e3o abrimos m\u00e3o da candidatura do Marco Feliciano ao Senado por S\u00e3o Paulo \u2013 disse S\u00f3stenes.<\/p>\n\n\n\n<p>E completou:<\/p>\n\n\n\n<p>\u2013 A Frente Paramentar Evang\u00e9lica conta atualmente com 202 deputados federais \u2013 disse ao Metr\u00f3poles.<\/p>\n\n\n\n<p>Feliciano, entretanto, n\u00e3o corre sozinho nesta disputa. A deputada federal Carla Zambelli (PL-SP) tamb\u00e9m j\u00e1 demonstrou interesse na vaga a aliados de Tarc\u00edsio de Freitas.<\/p>\n\n\n\n<p><\/p>\n","protected":false},"excerpt":{"rendered":"<p>O nome de Marco Feliciano (PL) ganhou for\u00e7a entre os evang\u00e9licos para ocupar a vaga de candidato ao Senado por S\u00e3o Paulo na chapa de Tarc\u00edsio de Freitas (Republicanos). O presidente da Frente Parlamentar Evang\u00e9lica no Congresso, deputado S\u00f3stenes Cavalcante, afirmou que o grupo \u201cn\u00e3o abre m\u00e3o\u201d da candidatura do deputado federal. A informa\u00e7\u00e3o \u00e9 [&hellip;]<\/p>\n","protected":false},"author":2,"featured_media":11705,"comment_status":"open","ping_status":"open","sticky":false,"template":"","format":"standard","meta":[],"categories":[5,4],"tags":[],"_links":{"self":[{"href":"https:\/\/dgospel.com.br\/portal\/index.php\/wp-json\/wp\/v2\/posts\/11704"}],"collection":[{"href":"https:\/\/dgospel.com.br\/portal\/index.php\/wp-json\/wp\/v2\/posts"}],"about":[{"href":"https:\/\/dgospel.com.br\/portal\/index.php\/wp-json\/wp\/v2\/types\/post"}],"author":[{"embeddable":true,"href":"https:\/\/dgospel.com.br\/portal\/index.php\/wp-json\/wp\/v2\/users\/2"}],"replies":[{"embeddable":true,"href":"https:\/\/dgospel.com.br\/portal\/index.php\/wp-json\/wp\/v2\/comments?post=11704"}],"version-history":[{"count":1,"href":"https:\/\/dgospel.com.br\/portal\/index.php\/wp-json\/wp\/v2\/posts\/11704\/revisions"}],"predecessor-version":[{"id":11706,"href":"https:\/\/dgospel.com.br\/portal\/index.php\/wp-json\/wp\/v2\/posts\/11704\/revisions\/11706"}],"wp:featuredmedia":[{"embeddable":true,"href":"https:\/\/dgospel.com.br\/portal\/index.php\/wp-json\/wp\/v2\/media\/11705"}],"wp:attachment":[{"href":"https:\/\/dgospel.com.br\/portal\/index.php\/wp-json\/wp\/v2\/media?parent=11704"}],"wp:term":[{"taxonomy":"category","embeddable":true,"href":"https:\/\/dgospel.com.br\/portal\/index.php\/wp-json\/wp\/v2\/categories?post=11704"},{"taxonomy":"post_tag","embeddable":true,"href":"https:\/\/dgospel.com.br\/portal\/index.php\/wp-json\/wp\/v2\/tags?post=11704"}],"curies":[{"name":"wp","href":"https:\/\/api.w.org\/{rel}","templated":true}]}}