{"id":11707,"date":"2022-07-02T16:32:49","date_gmt":"2022-07-02T19:32:49","guid":{"rendered":"http:\/\/dgospel.com.br\/portal\/?p=11707"},"modified":"2022-07-02T16:32:51","modified_gmt":"2022-07-02T19:32:51","slug":"trt-hasteia-bandeira-lgbt-ao-som-do-hino-nacional-brasileiro","status":"publish","type":"post","link":"https:\/\/dgospel.com.br\/portal\/index.php\/2022\/07\/02\/trt-hasteia-bandeira-lgbt-ao-som-do-hino-nacional-brasileiro\/","title":{"rendered":"TRT hasteia bandeira LGBT ao som do Hino Nacional Brasileiro"},"content":{"rendered":"\n<p>Em uma cerim\u00f4nia realizada na \u00faltima ter\u00e7a-feira (28), o Tribunal Regional do Trabalho da 8\u00aa Regi\u00e3o (TRT-8), que atende os estados do\u00a0<a rel=\"noreferrer noopener\" href=\"https:\/\/pleno.news\/tag\/para\" target=\"_blank\">Par\u00e1<\/a>\u00a0e do Amap\u00e1, realizou o hasteamento da bandeira do movimento LGBTQIA+ ao som do Hino Nacional. De acordo com o Tribunal, o s\u00edmbolo foi colocado no lugar da bandeira da Corte trabalhista.<\/p>\n\n\n\n<p>O respons\u00e1vel por fazer o hasteamento da bandeira LGBTQIA+ foi o juiz trabalhista Ot\u00e1vio Ferreira, que integra o grupo de trabalho da Diversidade do TRT-8. Tamb\u00e9m participaram do evento os desembargadores Francisco Rocha, Sulamir Monassa, Maria Coelho e Paulo Isan J\u00fanior.<\/p>\n\n\n\n<figure class=\"wp-block-image size-large\"><img loading=\"lazy\" width=\"1024\" height=\"576\" src=\"http:\/\/dgospel.com.br\/portal\/wp-content\/uploads\/2022\/07\/image-1024x576.png\" alt=\"\" class=\"wp-image-11708\" srcset=\"https:\/\/dgospel.com.br\/portal\/wp-content\/uploads\/2022\/07\/image-1024x576.png 1024w, https:\/\/dgospel.com.br\/portal\/wp-content\/uploads\/2022\/07\/image-300x169.png 300w, https:\/\/dgospel.com.br\/portal\/wp-content\/uploads\/2022\/07\/image-768x432.png 768w, https:\/\/dgospel.com.br\/portal\/wp-content\/uploads\/2022\/07\/image.png 1366w\" sizes=\"(max-width: 1024px) 100vw, 1024px\" \/><\/figure>\n\n\n\n<p>Apesar da premissa de imparcialidade do Judici\u00e1rio, a representante da Associa\u00e7\u00e3o dos Magistrados da Justi\u00e7a do Trabalho da 8\u00aa Regi\u00e3o, ju\u00edza Silvana Mattos Braga, disse que era \u201cimportante mostrar para a sociedade que a magistratura organizada se importa e abarca essa bandeira e entende como valor importante e social apoiar a causa\u201d.<\/p>\n\n\n\n<p>A atividade, por\u00e9m, n\u00e3o foi a \u00fanica sobre o tema realizada no \u00e2mbito do TRT-8 durante a semana. Tamb\u00e9m na ter\u00e7a, mas durante a noite, o pr\u00e9dio sede do Tribunal, localizado em Bel\u00e9m, no Par\u00e1, recebeu uma ilumina\u00e7\u00e3o nas cores que representam os tons do s\u00edmbolo do movimento LGBTQIA+.<\/p>\n","protected":false},"excerpt":{"rendered":"<p>Em uma cerim\u00f4nia realizada na \u00faltima ter\u00e7a-feira (28), o Tribunal Regional do Trabalho da 8\u00aa Regi\u00e3o (TRT-8), que atende os estados do\u00a0Par\u00e1\u00a0e do Amap\u00e1, realizou o hasteamento da bandeira do movimento LGBTQIA+ ao som do Hino Nacional. De acordo com o Tribunal, o s\u00edmbolo foi colocado no lugar da bandeira da Corte trabalhista. O respons\u00e1vel [&hellip;]<\/p>\n","protected":false},"author":2,"featured_media":11709,"comment_status":"open","ping_status":"open","sticky":false,"template":"","format":"standard","meta":[],"categories":[10],"tags":[],"_links":{"self":[{"href":"https:\/\/dgospel.com.br\/portal\/index.php\/wp-json\/wp\/v2\/posts\/11707"}],"collection":[{"href":"https:\/\/dgospel.com.br\/portal\/index.php\/wp-json\/wp\/v2\/posts"}],"about":[{"href":"https:\/\/dgospel.com.br\/portal\/index.php\/wp-json\/wp\/v2\/types\/post"}],"author":[{"embeddable":true,"href":"https:\/\/dgospel.com.br\/portal\/index.php\/wp-json\/wp\/v2\/users\/2"}],"replies":[{"embeddable":true,"href":"https:\/\/dgospel.com.br\/portal\/index.php\/wp-json\/wp\/v2\/comments?post=11707"}],"version-history":[{"count":1,"href":"https:\/\/dgospel.com.br\/portal\/index.php\/wp-json\/wp\/v2\/posts\/11707\/revisions"}],"predecessor-version":[{"id":11710,"href":"https:\/\/dgospel.com.br\/portal\/index.php\/wp-json\/wp\/v2\/posts\/11707\/revisions\/11710"}],"wp:featuredmedia":[{"embeddable":true,"href":"https:\/\/dgospel.com.br\/portal\/index.php\/wp-json\/wp\/v2\/media\/11709"}],"wp:attachment":[{"href":"https:\/\/dgospel.com.br\/portal\/index.php\/wp-json\/wp\/v2\/media?parent=11707"}],"wp:term":[{"taxonomy":"category","embeddable":true,"href":"https:\/\/dgospel.com.br\/portal\/index.php\/wp-json\/wp\/v2\/categories?post=11707"},{"taxonomy":"post_tag","embeddable":true,"href":"https:\/\/dgospel.com.br\/portal\/index.php\/wp-json\/wp\/v2\/tags?post=11707"}],"curies":[{"name":"wp","href":"https:\/\/api.w.org\/{rel}","templated":true}]}}