{"id":11711,"date":"2022-07-02T16:35:54","date_gmt":"2022-07-02T19:35:54","guid":{"rendered":"http:\/\/dgospel.com.br\/portal\/?p=11711"},"modified":"2022-07-02T16:35:56","modified_gmt":"2022-07-02T19:35:56","slug":"em-delacao-a-pf-marcos-valerio-relaciona-o-pt-ao-pcc","status":"publish","type":"post","link":"https:\/\/dgospel.com.br\/portal\/index.php\/2022\/07\/02\/em-delacao-a-pf-marcos-valerio-relaciona-o-pt-ao-pcc\/","title":{"rendered":"Em dela\u00e7\u00e3o \u00e0 PF, Marcos Val\u00e9rio relaciona o PT ao PCC"},"content":{"rendered":"\n<p>Nesta sexta-feira (1\u00ba), a revista Veja publicou um trecho da dela\u00e7\u00e3o premiada do empres\u00e1rio Marcos Val\u00e9rio na qual ele associa o Partido dos Trabalhadores (PT) ao PCC. O depoimento foi dado \u00e0 Pol\u00edcia Federal (PF).<\/p>\n\n\n\n<p>A reportagem traz os detalhes ditos por Val\u00e9rio aos investigadores. Entre eles estaria uma suposta chantagem feita por um empres\u00e1rio de transportes contra Lula. De acordo com ele, o ex-presidente Lula seria amea\u00e7ado por Ronan Maria Pinto para n\u00e3o revelar um esquema de arrecada\u00e7\u00e3o ilegal para financiar integrantes do PT.<\/p>\n\n\n\n<p>Os recursos ilegais viriam de empresas de \u00f4nibus, de operadores de transporte pirata e de bingos, o que serviria para lavar recursos do crime organizado.<\/p>\n\n\n\n<p>Al\u00e9m disso, a reportagem ainda traz Val\u00e9rio falando sobre um suposto dossi\u00ea do ex-prefeito Celso Daniel com \u201cdetalhes de financiamento ilegal de petistas\u201d. De acordo com o empres\u00e1rio, ap\u00f3s a morte do petista, o dossi\u00ea teria sumido. No entanto, o PT decidiu fazer uma limpeza no partido.<\/p>\n\n\n\n<p>\u2013 A posteriori, o PT fez uma limpa, tirando um monte de gente, vereador, que era ligado ao crime organizado. Voc\u00eas podem olhar direitinho que voc\u00eas v\u00e3o ver que o PT fez uma limpa, expulsando do partido essas pessoas \u2013 disse em sua dela\u00e7\u00e3o.<\/p>\n\n\n\n<p><blockquote class=\"twitter-tweet\" data-width=\"550\" data-dnt=\"true\"><p lang=\"zxx\" dir=\"ltr\"><a href=\"https:\/\/t.co\/TcHngNmzDH\">pic.twitter.com\/TcHngNmzDH<\/a><\/p>&mdash; Roger Rocha Moreira (@roxmo) <a href=\"https:\/\/twitter.com\/roxmo\/status\/1543124137564160002?ref_src=twsrc%5Etfw\">July 2, 2022<\/a><\/blockquote><script async src=\"https:\/\/platform.twitter.com\/widgets.js\" charset=\"utf-8\"><\/script><\/p>\n","protected":false},"excerpt":{"rendered":"<p>Nesta sexta-feira (1\u00ba), a revista Veja publicou um trecho da dela\u00e7\u00e3o premiada do empres\u00e1rio Marcos Val\u00e9rio na qual ele associa o Partido dos Trabalhadores (PT) ao PCC. O depoimento foi dado \u00e0 Pol\u00edcia Federal (PF). A reportagem traz os detalhes ditos por Val\u00e9rio aos investigadores. Entre eles estaria uma suposta chantagem feita por um empres\u00e1rio [&hellip;]<\/p>\n","protected":false},"author":2,"featured_media":11712,"comment_status":"open","ping_status":"open","sticky":false,"template":"","format":"standard","meta":[],"categories":[4],"tags":[14],"_links":{"self":[{"href":"https:\/\/dgospel.com.br\/portal\/index.php\/wp-json\/wp\/v2\/posts\/11711"}],"collection":[{"href":"https:\/\/dgospel.com.br\/portal\/index.php\/wp-json\/wp\/v2\/posts"}],"about":[{"href":"https:\/\/dgospel.com.br\/portal\/index.php\/wp-json\/wp\/v2\/types\/post"}],"author":[{"embeddable":true,"href":"https:\/\/dgospel.com.br\/portal\/index.php\/wp-json\/wp\/v2\/users\/2"}],"replies":[{"embeddable":true,"href":"https:\/\/dgospel.com.br\/portal\/index.php\/wp-json\/wp\/v2\/comments?post=11711"}],"version-history":[{"count":1,"href":"https:\/\/dgospel.com.br\/portal\/index.php\/wp-json\/wp\/v2\/posts\/11711\/revisions"}],"predecessor-version":[{"id":11713,"href":"https:\/\/dgospel.com.br\/portal\/index.php\/wp-json\/wp\/v2\/posts\/11711\/revisions\/11713"}],"wp:featuredmedia":[{"embeddable":true,"href":"https:\/\/dgospel.com.br\/portal\/index.php\/wp-json\/wp\/v2\/media\/11712"}],"wp:attachment":[{"href":"https:\/\/dgospel.com.br\/portal\/index.php\/wp-json\/wp\/v2\/media?parent=11711"}],"wp:term":[{"taxonomy":"category","embeddable":true,"href":"https:\/\/dgospel.com.br\/portal\/index.php\/wp-json\/wp\/v2\/categories?post=11711"},{"taxonomy":"post_tag","embeddable":true,"href":"https:\/\/dgospel.com.br\/portal\/index.php\/wp-json\/wp\/v2\/tags?post=11711"}],"curies":[{"name":"wp","href":"https:\/\/api.w.org\/{rel}","templated":true}]}}