{"id":11714,"date":"2022-07-02T16:38:34","date_gmt":"2022-07-02T19:38:34","guid":{"rendered":"http:\/\/dgospel.com.br\/portal\/?p=11714"},"modified":"2022-07-02T16:38:35","modified_gmt":"2022-07-02T19:38:35","slug":"deputado-quer-cpi-apos-delacao-de-marcos-valerio-sobre-pt-e-pcc","status":"publish","type":"post","link":"https:\/\/dgospel.com.br\/portal\/index.php\/2022\/07\/02\/deputado-quer-cpi-apos-delacao-de-marcos-valerio-sobre-pt-e-pcc\/","title":{"rendered":"Deputado quer CPI ap\u00f3s dela\u00e7\u00e3o de Marcos Val\u00e9rio sobre PT e PCC"},"content":{"rendered":"\n<p>O deputado federal&nbsp;<a href=\"https:\/\/pleno.news\/tag\/filipe-barros\" target=\"_blank\" rel=\"noreferrer noopener\">Filipe Barros<\/a>&nbsp;(PL-PR) anunciou que vai come\u00e7ar a colher assinaturas no Congresso Nacional a partir da pr\u00f3xima segunda-feira (4) para instalar uma \u201cCPI do Narcotr\u00e1fico\u201d. A informa\u00e7\u00e3o foi dada pelo pr\u00f3prio parlamentar em suas redes sociais.<\/p>\n\n\n\n<p>\u2013 Informo que a partir de segunda-feira come\u00e7arei a coletar assinaturas para a abertura de uma CPI do Narcotr\u00e1fico \u2013 resumiu.<\/p>\n\n\n\n<figure class=\"wp-block-image\"><img src=\"https:\/\/static.cdn.pleno.news\/2022\/07\/Filipe-Barros-quer-CPI-do-Narcotr%C3%A1fico.png\" alt=\"\" class=\"wp-image-971676\"\/><figcaption>Filipe Barros quer CPI do Narcotr\u00e1fico&nbsp;Foto: Reprodu\u00e7\u00e3o\/Twitter<\/figcaption><\/figure>\n\n\n\n<p>A declara\u00e7\u00e3o do congressista foi feita nesta sexta (1\u00b0) ap\u00f3s a revista Veja publicar uma reportagem na qual \u00e9 narrada uma dela\u00e7\u00e3o feita por Marcos Val\u00e9rio, um dos principais personagens do esquema do Mensal\u00e3o. De acordo com o delator, existiria uma rela\u00e7\u00e3o pr\u00f3xima entre o&nbsp;<a href=\"https:\/\/pleno.news\/tag\/pt\" target=\"_blank\" rel=\"noreferrer noopener\">PT<\/a>&nbsp;e a fac\u00e7\u00e3o criminosa Primeiro Comando da Capital (PCC).<\/p>\n\n\n\n<p>A reportagem traz os detalhes ditos por Val\u00e9rio aos investigadores. Entre eles estaria uma suposta chantagem feita por um empres\u00e1rio de transportes contra Lula. De acordo com ele, o ex-presidente seria amea\u00e7ado por Ronan Maria Pinto, empres\u00e1rio do ramo dos transportes, a n\u00e3o revelar um esquema de arrecada\u00e7\u00e3o ilegal para financiar petistas.<\/p>\n\n\n\n<p>Os recursos ilegais viriam de empresas de \u00f4nibus, de operadores de transporte pirata e de bingos, o que serviria para lavar recursos do crime organizado.<\/p>\n\n\n\n<p>Al\u00e9m disso, a reportagem ainda traz Val\u00e9rio falando sobre um suposto dossi\u00ea do ex-prefeito Celso Daniel com \u201cdetalhes de financiamento ilegal de petistas\u201d. De acordo com o empres\u00e1rio, ap\u00f3s a morte do petista, o dossi\u00ea teria sumido. No entanto, o PT decidiu fazer uma limpeza no partido.<\/p>\n\n\n\n<p>\u2013 A posteriori, o PT fez uma limpa, tirando um monte de gente, vereador, que era ligado ao crime organizado. Voc\u00eas podem olhar direitinho que voc\u00eas v\u00e3o ver que o PT fez uma limpa, expulsando do partido essas pessoas \u2013 disse em sua dela\u00e7\u00e3o.<\/p>\n","protected":false},"excerpt":{"rendered":"<p>O deputado federal&nbsp;Filipe Barros&nbsp;(PL-PR) anunciou que vai come\u00e7ar a colher assinaturas no Congresso Nacional a partir da pr\u00f3xima segunda-feira (4) para instalar uma \u201cCPI do Narcotr\u00e1fico\u201d. A informa\u00e7\u00e3o foi dada pelo pr\u00f3prio parlamentar em suas redes sociais. \u2013 Informo que a partir de segunda-feira come\u00e7arei a coletar assinaturas para a abertura de uma CPI do [&hellip;]<\/p>\n","protected":false},"author":2,"featured_media":11715,"comment_status":"open","ping_status":"open","sticky":false,"template":"","format":"standard","meta":[],"categories":[8,4],"tags":[],"_links":{"self":[{"href":"https:\/\/dgospel.com.br\/portal\/index.php\/wp-json\/wp\/v2\/posts\/11714"}],"collection":[{"href":"https:\/\/dgospel.com.br\/portal\/index.php\/wp-json\/wp\/v2\/posts"}],"about":[{"href":"https:\/\/dgospel.com.br\/portal\/index.php\/wp-json\/wp\/v2\/types\/post"}],"author":[{"embeddable":true,"href":"https:\/\/dgospel.com.br\/portal\/index.php\/wp-json\/wp\/v2\/users\/2"}],"replies":[{"embeddable":true,"href":"https:\/\/dgospel.com.br\/portal\/index.php\/wp-json\/wp\/v2\/comments?post=11714"}],"version-history":[{"count":1,"href":"https:\/\/dgospel.com.br\/portal\/index.php\/wp-json\/wp\/v2\/posts\/11714\/revisions"}],"predecessor-version":[{"id":11716,"href":"https:\/\/dgospel.com.br\/portal\/index.php\/wp-json\/wp\/v2\/posts\/11714\/revisions\/11716"}],"wp:featuredmedia":[{"embeddable":true,"href":"https:\/\/dgospel.com.br\/portal\/index.php\/wp-json\/wp\/v2\/media\/11715"}],"wp:attachment":[{"href":"https:\/\/dgospel.com.br\/portal\/index.php\/wp-json\/wp\/v2\/media?parent=11714"}],"wp:term":[{"taxonomy":"category","embeddable":true,"href":"https:\/\/dgospel.com.br\/portal\/index.php\/wp-json\/wp\/v2\/categories?post=11714"},{"taxonomy":"post_tag","embeddable":true,"href":"https:\/\/dgospel.com.br\/portal\/index.php\/wp-json\/wp\/v2\/tags?post=11714"}],"curies":[{"name":"wp","href":"https:\/\/api.w.org\/{rel}","templated":true}]}}