{"id":11720,"date":"2022-07-05T10:22:34","date_gmt":"2022-07-05T13:22:34","guid":{"rendered":"http:\/\/dgospel.com.br\/portal\/?p=11720"},"modified":"2022-07-05T10:22:35","modified_gmt":"2022-07-05T13:22:35","slug":"oab-e-cnj-vao-ajudar-forcas-armadas-a-fiscalizar-urnas","status":"publish","type":"post","link":"https:\/\/dgospel.com.br\/portal\/index.php\/2022\/07\/05\/oab-e-cnj-vao-ajudar-forcas-armadas-a-fiscalizar-urnas\/","title":{"rendered":"OAB e CNJ v\u00e3o \u201cajudar\u201d For\u00e7as Armadas a fiscalizar urnas"},"content":{"rendered":"\n<p>A Ordem dos Advogados do Brasil (OAB) e o Conselho Nacional de Justi\u00e7a (CNJ) v\u00e3o somar esfor\u00e7os \u00e0s For\u00e7as Armadas e ao Minist\u00e9rio da Justi\u00e7a na fiscaliza\u00e7\u00e3o das urnas eletr\u00f4nicas nas elei\u00e7\u00f5es deste ano. As duas entidades aceitaram o convite do presidente do Tribunal Superior Eleitoral (TSE), ministro Edson Fachin.<\/p>\n\n\n\n<p>A OAB ser\u00e1 representada pelo gerente de tecnologia da informa\u00e7\u00e3o, Rodrigo Lemgruber, enquanto o CNJ indicou o juiz auxiliar Jo\u00e3o Moreira. Os representantes agora ir\u00e3o acompanhar todas as etapas de processo de vota\u00e7\u00e3o. As informa\u00e7\u00f5es foram dadas, em primeira m\u00e3o, pelo jornal O Globo.<\/p>\n\n\n\n<p>O CNJ \u00e9 um \u00f3rg\u00e3o presidido pelo presidente do STF, Luiz Fux, que passa o bast\u00e3o para Rosa Weber no dia 12 de setembro. Tanto Fux quanto Rosa j\u00e1 presidiram o TSE e s\u00e3o defensores enf\u00e1ticos da seguran\u00e7a das urnas eletr\u00f4nicas.<\/p>\n\n\n\n<p>Com a ades\u00e3o desses dois novos atores, o TSE impede que o sistema eleitoral fique sob vigil\u00e2ncia apenas dos militares e da pasta da Justi\u00e7a. Al\u00e9m disso, uma resolu\u00e7\u00e3o do TSE de 2021 prev\u00ea ainda que a Pol\u00edcia Federal, o STF, o Congresso, o CNJ, a Controladoria-Geral da Uni\u00e3o (CGU) e outras institui\u00e7\u00f5es, como empresas privadas brasileiras \u201ccom not\u00f3ria atua\u00e7\u00e3o em fiscaliza\u00e7\u00e3o e transpar\u00eancia da gest\u00e3o p\u00fablica\u201d , possam inspecionar as urnas eletr\u00f4nicas.<\/p>\n\n\n\n<p>Em 21 de junho, Fachin enviou um of\u00edcio para todas as entidades que s\u00e3o consideradas leg\u00edtimas pelo pr\u00f3prio TSE para participar da fiscaliza\u00e7\u00e3o. No mesmo despacho, o ministro deu 15 dias para que elas informem ao tribunal se t\u00eam interesse de participar do supervisionamento das elei\u00e7\u00f5es. O prazo termina nesta quinta-feira (7).<\/p>\n\n\n\n<p>A resolu\u00e7\u00e3o do TSE permite, por exemplo, que as entidades fiscalizadoras verifiquem a integridade e a autenticidade dos sistemas eleitorais durante a prepara\u00e7\u00e3o das urnas.<\/p>\n\n\n\n<p>Elas tamb\u00e9m podem solicitar relat\u00f3rios do tribunal sobre urnas substitu\u00eddas, imagens dos Boletins de Urnas e dados de vota\u00e7\u00e3o por se\u00e7\u00e3o, ap\u00f3s a totaliza\u00e7\u00e3o dos votos.<\/p>\n","protected":false},"excerpt":{"rendered":"<p>A Ordem dos Advogados do Brasil (OAB) e o Conselho Nacional de Justi\u00e7a (CNJ) v\u00e3o somar esfor\u00e7os \u00e0s For\u00e7as Armadas e ao Minist\u00e9rio da Justi\u00e7a na fiscaliza\u00e7\u00e3o das urnas eletr\u00f4nicas nas elei\u00e7\u00f5es deste ano. As duas entidades aceitaram o convite do presidente do Tribunal Superior Eleitoral (TSE), ministro Edson Fachin. A OAB ser\u00e1 representada pelo [&hellip;]<\/p>\n","protected":false},"author":2,"featured_media":11721,"comment_status":"open","ping_status":"open","sticky":false,"template":"","format":"standard","meta":[],"categories":[4],"tags":[13],"_links":{"self":[{"href":"https:\/\/dgospel.com.br\/portal\/index.php\/wp-json\/wp\/v2\/posts\/11720"}],"collection":[{"href":"https:\/\/dgospel.com.br\/portal\/index.php\/wp-json\/wp\/v2\/posts"}],"about":[{"href":"https:\/\/dgospel.com.br\/portal\/index.php\/wp-json\/wp\/v2\/types\/post"}],"author":[{"embeddable":true,"href":"https:\/\/dgospel.com.br\/portal\/index.php\/wp-json\/wp\/v2\/users\/2"}],"replies":[{"embeddable":true,"href":"https:\/\/dgospel.com.br\/portal\/index.php\/wp-json\/wp\/v2\/comments?post=11720"}],"version-history":[{"count":1,"href":"https:\/\/dgospel.com.br\/portal\/index.php\/wp-json\/wp\/v2\/posts\/11720\/revisions"}],"predecessor-version":[{"id":11722,"href":"https:\/\/dgospel.com.br\/portal\/index.php\/wp-json\/wp\/v2\/posts\/11720\/revisions\/11722"}],"wp:featuredmedia":[{"embeddable":true,"href":"https:\/\/dgospel.com.br\/portal\/index.php\/wp-json\/wp\/v2\/media\/11721"}],"wp:attachment":[{"href":"https:\/\/dgospel.com.br\/portal\/index.php\/wp-json\/wp\/v2\/media?parent=11720"}],"wp:term":[{"taxonomy":"category","embeddable":true,"href":"https:\/\/dgospel.com.br\/portal\/index.php\/wp-json\/wp\/v2\/categories?post=11720"},{"taxonomy":"post_tag","embeddable":true,"href":"https:\/\/dgospel.com.br\/portal\/index.php\/wp-json\/wp\/v2\/tags?post=11720"}],"curies":[{"name":"wp","href":"https:\/\/api.w.org\/{rel}","templated":true}]}}