{"id":11729,"date":"2022-07-05T10:51:09","date_gmt":"2022-07-05T13:51:09","guid":{"rendered":"http:\/\/dgospel.com.br\/portal\/?p=11729"},"modified":"2022-07-05T10:51:11","modified_gmt":"2022-07-05T13:51:11","slug":"marvel-apresenta-versao-gay-do-homem-aranha-e-provoca-indignacao-nos-fas","status":"publish","type":"post","link":"https:\/\/dgospel.com.br\/portal\/index.php\/2022\/07\/05\/marvel-apresenta-versao-gay-do-homem-aranha-e-provoca-indignacao-nos-fas\/","title":{"rendered":"Marvel apresenta vers\u00e3o gay do Homem-Aranha e provoca indigna\u00e7\u00e3o nos f\u00e3s"},"content":{"rendered":"\n<p>Com lan\u00e7amento previsto para setembro, a Marvel Entertainment \u2014 que foi comprada pela Walt Disney Company, em 2009 \u2014 vai apresentar o \u201cHomem-Aranha Gay\u201d em quadrinhos.<\/p>\n\n\n\n<p>Em breve, o \u201cWeb-Weaver\u201d \u2014 uma vers\u00e3o do universo alternativo do Homem-Aranha \u2014 ter\u00e1 sua edi\u00e7\u00e3o \u201cEdge of Spider-Verse #5.<\/p>\n\n\n\n<p>As not\u00edcias da nova vers\u00e3o do super-her\u00f3i foram compartilhadas, pela primeira vez, no Twitter do escritor da Marwel, Steve Foxe. Por\u00e9m, sua conta passou a ser privada desde ent\u00e3o.&nbsp;<\/p>\n\n\n\n<p>\u201cAlgo que percebi, imediatamente, ao conceber o Web-Weaver \u00e9 que ele n\u00e3o pode \u2014 e n\u00e3o deve \u2014 representar TODOS os homens gays. Nenhum personagem pode. Sua identidade feminina destemida \u00e9 central para quem ele \u00e9\u201d, disse Foxe num tweet posterior ao seu an\u00fancio, conforme o Daily Wire.&nbsp;<\/p>\n\n\n\n<p><strong>Cr\u00edticas dos f\u00e3s da Marvel<\/strong><\/p>\n\n\n\n<p>\u201cCara, por que voc\u00ea tem que arruinar o Homem-Aranha?\u201d, perguntou um usu\u00e1rio do Twitter, referindo-se ao mentor da Marvel, Stan Lee, que anunciou em 2015 que queria que o her\u00f3i da web continuasse sendo branco e heterossexual.&nbsp;<\/p>\n\n\n\n<p>Lee, que faleceu em 2018, falava em preservar o alter ego do Homem-Aranha \u2014 Peter Parker.&nbsp;<\/p>\n\n\n\n<p>A resposta de Lee, sempre que falavam em altera\u00e7\u00f5es, era firme: \u201cEu n\u00e3o me importaria se Peter Parker fosse negro, latino ou \u00edndio. Mas, originalmente, n\u00f3s criamos ele branco. N\u00e3o vejo raz\u00e3o para mudar isso\u201d.&nbsp;<\/p>\n\n\n\n<p>Sobre a atual mudan\u00e7a no g\u00eanero do Homem-Aranha, o ator Eric July apontou como \u201cdesnecess\u00e1ria\u201d.&nbsp;<\/p>\n\n\n\n<blockquote class=\"wp-block-quote\"><p>The next unnecessary tokenized Spider-Man character to be announced for the upcoming unnecessary Edge of Spider-Verse is the &#8220;first gay Spider-Man&#8221; known as &#8220;Web-Weaver.&#8221; Creator Steve Foxe calls it a &#8220;huge GAY honor!&#8221; Check out the full clip now LIVE on YouTube!&nbsp;<a href=\"https:\/\/t.co\/EPDJrSQ0cu\">pic.twitter.com\/EPDJrSQ0cu<\/a>\u2014 Eric July (@EricDJuly)&nbsp;<a href=\"https:\/\/twitter.com\/EricDJuly\/status\/1542252024577904646?ref_src=twsrc%5Etfw\">June 29, 2022<\/a><\/p><\/blockquote>\n\n\n\n<p>&nbsp;<strong>\u201cDisney foi longe demais\u201d<\/strong><\/p>\n\n\n\n<p>O pastor Franklin Graham disse que \u201ca Disney foi longe demais\u201d em seu apoio \u00e0 agenda LGBT.&nbsp;<\/p>\n\n\n\n<p>\u201cOs ativistas LGBT est\u00e3o usando as empresas para for\u00e7ar sua agenda ao p\u00fablico; e as empresas podem come\u00e7ar a reavaliar o que est\u00e3o permitindo que aconte\u00e7a\u201d,&nbsp;<a href=\"https:\/\/www.guiame.com.br\/gospel\/noticias\/franklin-graham-lamenta-o-fracasso-moral-da-disney-foram-longe-demais.html\"><strong>disse o pastor ao lamentar o \u201cfracasso moral da Disney\u201d<\/strong><\/a>.&nbsp;<\/p>\n\n\n\n<p>A transforma\u00e7\u00e3o do Homem-Aranha ocorre \u00e0 medida em que a Disney investe cada vez mais na propaga\u00e7\u00e3o de hist\u00f3rias LGBT, principalmente atrav\u00e9s de conte\u00fados voltados para crian\u00e7as.&nbsp;<\/p>\n\n\n\n<p>O exemplo mais recente foi a&nbsp;<a href=\"https:\/\/www.guiame.com.br\/gospel\/noticias\/desenho-da-disney-lightyear-tera-beijo-gay-apos-pressao-lgbt.html\"><strong>anima\u00e7\u00e3o \u201cLightyear\u201d<\/strong><\/a>&nbsp;\u2014 um dos personagens do Toy Story \u2014 que teve um beijo gay, ap\u00f3s press\u00e3o da comunidade LGBT. O filme estreou nos cinemas no dia 17 de junho.<\/p>\n\n\n\n<p>Outro exemplo \u00e9 o filme de anima\u00e7\u00e3o&nbsp;<a href=\"https:\/\/www.guiame.com.br\/gospel\/noticias\/strange-world-disney-anuncia-lancamento-de-1-romance-adolescente-abertamente-gay.html\"><strong>\u201cStrange World\u201d (Mundo Estranho)<\/strong><\/a>&nbsp;com lan\u00e7amento previsto para novembro. Ser\u00e1 o primeiro filme da Disney&nbsp;a apresentar um romance abertamente gay entre adolescentes.<\/p>\n\n\n\n<p>Por conta de seu posicionamento, a Disney tem sido muito criticada. Em abril, houve um protesto organizado pelo m\u00fasico Sean Feucht, em frente \u00e0 sede da corpora\u00e7\u00e3o, onde crist\u00e3os criticaram a agenda gay: \u201cPassaram dos limites\u201d.&nbsp;<\/p>\n","protected":false},"excerpt":{"rendered":"<p>Com lan\u00e7amento previsto para setembro, a Marvel Entertainment \u2014 que foi comprada pela Walt Disney Company, em 2009 \u2014 vai apresentar o \u201cHomem-Aranha Gay\u201d em quadrinhos. Em breve, o \u201cWeb-Weaver\u201d \u2014 uma vers\u00e3o do universo alternativo do Homem-Aranha \u2014 ter\u00e1 sua edi\u00e7\u00e3o \u201cEdge of Spider-Verse #5. As not\u00edcias da nova vers\u00e3o do super-her\u00f3i foram compartilhadas, [&hellip;]<\/p>\n","protected":false},"author":2,"featured_media":11730,"comment_status":"open","ping_status":"open","sticky":false,"template":"","format":"standard","meta":[],"categories":[10],"tags":[],"_links":{"self":[{"href":"https:\/\/dgospel.com.br\/portal\/index.php\/wp-json\/wp\/v2\/posts\/11729"}],"collection":[{"href":"https:\/\/dgospel.com.br\/portal\/index.php\/wp-json\/wp\/v2\/posts"}],"about":[{"href":"https:\/\/dgospel.com.br\/portal\/index.php\/wp-json\/wp\/v2\/types\/post"}],"author":[{"embeddable":true,"href":"https:\/\/dgospel.com.br\/portal\/index.php\/wp-json\/wp\/v2\/users\/2"}],"replies":[{"embeddable":true,"href":"https:\/\/dgospel.com.br\/portal\/index.php\/wp-json\/wp\/v2\/comments?post=11729"}],"version-history":[{"count":1,"href":"https:\/\/dgospel.com.br\/portal\/index.php\/wp-json\/wp\/v2\/posts\/11729\/revisions"}],"predecessor-version":[{"id":11731,"href":"https:\/\/dgospel.com.br\/portal\/index.php\/wp-json\/wp\/v2\/posts\/11729\/revisions\/11731"}],"wp:featuredmedia":[{"embeddable":true,"href":"https:\/\/dgospel.com.br\/portal\/index.php\/wp-json\/wp\/v2\/media\/11730"}],"wp:attachment":[{"href":"https:\/\/dgospel.com.br\/portal\/index.php\/wp-json\/wp\/v2\/media?parent=11729"}],"wp:term":[{"taxonomy":"category","embeddable":true,"href":"https:\/\/dgospel.com.br\/portal\/index.php\/wp-json\/wp\/v2\/categories?post=11729"},{"taxonomy":"post_tag","embeddable":true,"href":"https:\/\/dgospel.com.br\/portal\/index.php\/wp-json\/wp\/v2\/tags?post=11729"}],"curies":[{"name":"wp","href":"https:\/\/api.w.org\/{rel}","templated":true}]}}