{"id":11735,"date":"2022-07-05T11:09:24","date_gmt":"2022-07-05T14:09:24","guid":{"rendered":"http:\/\/dgospel.com.br\/portal\/?p=11735"},"modified":"2022-07-05T11:09:25","modified_gmt":"2022-07-05T14:09:25","slug":"governo-publica-medida-provisoria-que-reduz-icms-de-combustiveis-no-tocantins","status":"publish","type":"post","link":"https:\/\/dgospel.com.br\/portal\/index.php\/2022\/07\/05\/governo-publica-medida-provisoria-que-reduz-icms-de-combustiveis-no-tocantins\/","title":{"rendered":"Governo publica medida provis\u00f3ria que reduz ICMS de combust\u00edveis no Tocantins"},"content":{"rendered":"\n<p>O governo do Tocantins publicou nesta segunda-feira (4) uma Medida Provis\u00f3ria que trata sobre o ICMS da gasolina e do etanol. O texto assinado pelo governador Wanderlei Barbosa (Republicanos) e publicado no Di\u00e1rio Oficial retirou os dois combust\u00edveis da lista de produtos com al\u00edquota de 27% no c\u00f3digo tribut\u00e1rio estadual.<\/p>\n\n\n\n<p>A Secretaria de Estado da Comunica\u00e7\u00e3o explicou que a MP tem efeito imediato e imp\u00f5e que as al\u00edquotas sejam de 18%.<\/p>\n\n\n\n<p>Conforme a lei federal publicada no final de junho, o diesel, gasolina, energia el\u00e9trica, comunica\u00e7\u00f5es e transporte coletivo passaram a ser classificados como essenciais,\u00a0<a href=\"https:\/\/g1.globo.com\/politica\/post\/2022\/06\/23\/bolsonaro-sanciona-com-vetos-projeto-que-limita-icms-sobre-combustiveis.ghtml\">limitando a cobran\u00e7a do ICMS entre 17 e 18%.<\/a><\/p>\n\n\n\n<p>A medida provis\u00f3ria do governo n\u00e3o menciona a energia el\u00e9trica, comunica\u00e7\u00f5es e transporte coletivo, que tamb\u00e9m tiveram o percentual do imposto limitado pelo governo federal. Conforme a reda\u00e7\u00e3o atual do c\u00f3digo tribut\u00e1rio do Tocantins, o ICMS sobre a energia \u00e9 de 25%, enquanto nos servi\u00e7os de comunica\u00e7\u00e3o o percentual \u00e9 de 27%.<\/p>\n\n\n\n<p>Na semana passada o governador prometeu que iria acatar a lei federal e reduzir o imposto sobre os combust\u00edveis. &#8220;N\u00f3s vamos fazer imediatamente. Eu acredito que n\u00e3o haver\u00e1 preju\u00edzo significativo para o estado em termos de arrecada\u00e7\u00e3o e n\u00f3s vamos melhorar para nossa popula\u00e7\u00e3o&#8221;, disse em entrevista \u00e0 TV Anhanguera.<\/p>\n\n\n\n<p>Naquela ocasi\u00e3o o sindicato dos postos afirmou que atualmente a al\u00edquota&nbsp;<a href=\"https:\/\/g1.globo.com\/to\/tocantins\/noticia\/2022\/07\/01\/governo-promete-acatar-lei-federal-e-reduzir-icms-sobre-os-combustiveis-no-tocantins.ghtml\">cobrada sobre a gasolina e o \u00e1lcool chegava a 29%.&nbsp;<\/a>A redu\u00e7\u00e3o do imposto n\u00e3o deve afetar o pre\u00e7o diesel, cujo percentual do ICMS j\u00e1 \u00e9 de 17%.<\/p>\n\n\n\n<p>Na \u00faltima semana o estado tem registrado queda nos pre\u00e7os desde que houve corte nos impostos federais. A gasolina, por exemplo, pode ser&nbsp;<a href=\"https:\/\/g1.globo.com\/to\/tocantins\/eleicoes\/noticia\/2022\/07\/04\/litro-da-gasolina-comum-tem-reducao-e-pode-encontrado-a-r-649-na-capital.ghtml\">encontrada em Palmas a partir de R$ 6,49 conforme a \u00faltima pesquisa do Procon<\/a>. Na semana passada o pre\u00e7o atingiu R$ 7,89.<\/p>\n\n\n\n<p>Fonte: G1 Tocantins <\/p>\n","protected":false},"excerpt":{"rendered":"<p>O governo do Tocantins publicou nesta segunda-feira (4) uma Medida Provis\u00f3ria que trata sobre o ICMS da gasolina e do etanol. O texto assinado pelo governador Wanderlei Barbosa (Republicanos) e publicado no Di\u00e1rio Oficial retirou os dois combust\u00edveis da lista de produtos com al\u00edquota de 27% no c\u00f3digo tribut\u00e1rio estadual. A Secretaria de Estado da [&hellip;]<\/p>\n","protected":false},"author":2,"featured_media":11736,"comment_status":"open","ping_status":"open","sticky":false,"template":"","format":"standard","meta":[],"categories":[3],"tags":[],"_links":{"self":[{"href":"https:\/\/dgospel.com.br\/portal\/index.php\/wp-json\/wp\/v2\/posts\/11735"}],"collection":[{"href":"https:\/\/dgospel.com.br\/portal\/index.php\/wp-json\/wp\/v2\/posts"}],"about":[{"href":"https:\/\/dgospel.com.br\/portal\/index.php\/wp-json\/wp\/v2\/types\/post"}],"author":[{"embeddable":true,"href":"https:\/\/dgospel.com.br\/portal\/index.php\/wp-json\/wp\/v2\/users\/2"}],"replies":[{"embeddable":true,"href":"https:\/\/dgospel.com.br\/portal\/index.php\/wp-json\/wp\/v2\/comments?post=11735"}],"version-history":[{"count":1,"href":"https:\/\/dgospel.com.br\/portal\/index.php\/wp-json\/wp\/v2\/posts\/11735\/revisions"}],"predecessor-version":[{"id":11737,"href":"https:\/\/dgospel.com.br\/portal\/index.php\/wp-json\/wp\/v2\/posts\/11735\/revisions\/11737"}],"wp:featuredmedia":[{"embeddable":true,"href":"https:\/\/dgospel.com.br\/portal\/index.php\/wp-json\/wp\/v2\/media\/11736"}],"wp:attachment":[{"href":"https:\/\/dgospel.com.br\/portal\/index.php\/wp-json\/wp\/v2\/media?parent=11735"}],"wp:term":[{"taxonomy":"category","embeddable":true,"href":"https:\/\/dgospel.com.br\/portal\/index.php\/wp-json\/wp\/v2\/categories?post=11735"},{"taxonomy":"post_tag","embeddable":true,"href":"https:\/\/dgospel.com.br\/portal\/index.php\/wp-json\/wp\/v2\/tags?post=11735"}],"curies":[{"name":"wp","href":"https:\/\/api.w.org\/{rel}","templated":true}]}}