{"id":11738,"date":"2022-07-05T11:14:44","date_gmt":"2022-07-05T14:14:44","guid":{"rendered":"http:\/\/dgospel.com.br\/portal\/?p=11738"},"modified":"2022-07-05T11:14:45","modified_gmt":"2022-07-05T14:14:45","slug":"levantamento-mostra-aumento-de-1-800-nos-casos-de-chikungunya-no-tocantins","status":"publish","type":"post","link":"https:\/\/dgospel.com.br\/portal\/index.php\/2022\/07\/05\/levantamento-mostra-aumento-de-1-800-nos-casos-de-chikungunya-no-tocantins\/","title":{"rendered":"Levantamento mostra aumento de 1.800% nos casos de chikungunya no Tocantins"},"content":{"rendered":"\n<p>O novo levantamento da incid\u00eancia de doen\u00e7as causadas pelo Aedes aegypti aponta que a chikungunya teve um aumento de mais de 1.800% em todo do estado. De janeiro a junho deste ano, 1.864 pessoas contra\u00edram a doen\u00e7a. No mesmo per\u00edodo de 2021 tinham sido apenas 94 casos, segundo a Secretaria de Estado da Sa\u00fade (SES).<\/p>\n\n\n\n<p>A servidora p\u00fablica F\u00e1bia L\u00e1zaro teve a doen\u00e7a h\u00e1 tr\u00eas meses e conta o que passou com os sintomas. &#8220;Muita febre, muita dor de cabe\u00e7a. Eu tocava nos meus dedos e estava tudo dolorido. Tive que procurar o pronto-socorro, fiz exames, tomei soro e uma s\u00e9rie de medicamentos&#8221;.<\/p>\n\n\n\n<p>Conforme o monitoramento dos casos de chikungunya, moradores de 39 cidades do estado tiveram a doen\u00e7a. Somente em Palmas, s\u00e3o 4.259 casos notificados e 1.253 confirmados.<\/p>\n\n\n\n<h2>Dengue e zika<\/h2>\n\n\n\n<p>Tamb\u00e9m transmitida atrav\u00e9s do mosquito, a dengue teve confirma\u00e7\u00e3o em 15.175 pessoas em 119 cidades tocantinenses. As notifica\u00e7\u00f5es passam de 37 mil, sendo que 9.352 est\u00e3o em Palmas.<\/p>\n\n\n\n<p>O aumento nos casos confirmados \u00e9 de 687%, sendo que de janeiro a junho de 2021 houve 1.927 pacientes com a doen\u00e7a.<\/p>\n\n\n\n<p>At\u00e9 o momento, o estado continua com cinco \u00f3bitos confirmados por dengue, nas cidades de Carmol\u00e2ndia, Dois Irm\u00e3os, Duer\u00e9, Gurupi e Tocantin\u00f3polis. Tamb\u00e9m h\u00e1 tr\u00eas mortes em investiga\u00e7\u00e3o, em Recursol\u00e2ndia, Silvan\u00f3polis e Tocantin\u00f3polis.<\/p>\n\n\n\n<p>A zika \u00e9 a \u00fanica com redu\u00e7\u00e3o de casos. Em 2021 foram registrados 33 pessoas com a doen\u00e7a e neste ano s\u00e3o 19 diagn\u00f3sticos positivos, uma diminui\u00e7\u00e3o de 42% nos casos. N\u00e3o h\u00e1 mortes ou gestantes que contra\u00edram a zika at\u00e9 o momento.<\/p>\n\n\n\n<h2>Tend\u00eancia de redu\u00e7\u00e3o<\/h2>\n\n\n\n<p>Com o calor caracter\u00edstico da estiagem a tend\u00eancia nos casos das doen\u00e7as causadas pelo Aedes \u00e9 diminuir, pois o mosquito precisa de locais com \u00e1gua parada para dar andamento no ciclo de reprodu\u00e7\u00e3o.<\/p>\n\n\n\n<p>Apesar disso, a gerente de vigil\u00e2ncia de arboviroses da SES Cristiane Bueno explica que o momento ainda requer cuidados. &#8220;Semanalmente n\u00f3s precisamos ter esses cuidados e revisar os locais da nossa casa e locais p\u00fablicos&#8221;.<\/p>\n\n\n\n<p>Apesar da grande varia\u00e7\u00e3o dos n\u00fameros de 2021 com rela\u00e7\u00e3o a 2022, a gente diz que pode haver subnotifica\u00e7\u00f5es, tendo em vista que as equipes estavam focadas na pandemia. &#8220;A \u00e1rea t\u00e9cnica vem fazendo esse trabalho de sensibiliza\u00e7\u00e3o com os profissionais&#8221;, refor\u00e7a Cristiane.<\/p>\n\n\n\n<h2>Sequelas a longo prazo<\/h2>\n\n\n\n<p>Para quem \u00e9 diagnosticado com a chikungunya, \u00e9 preciso ficar atento aos sintomas, que podem trazer sequelas a longo prazo. A servidora p\u00fablica Detina Ara\u00fajo teve a doen\u00e7a no ano passado e ainda sofre com os efeitos. Ela diz que tomou medicamentos, entre eles anti-inflamat\u00f3rio, mas continua sentindo muitas dores.<\/p>\n\n\n\n<p>Isso ocorre por causa conforme evolu\u00e7\u00e3o da doen\u00e7a, conforme orienta o infectologista Ant\u00f4nio Takashi. &#8220;Um quadro que vem evoluindo com muita dor articular, associado com vermelhid\u00e3o intensa, edema intenso, ou seja, muito inchado e quente pode ser uma artrite s\u00e9ptica&#8221;.<\/p>\n\n\n\n<p>Fonte: G1 Tocantins<\/p>\n","protected":false},"excerpt":{"rendered":"<p>O novo levantamento da incid\u00eancia de doen\u00e7as causadas pelo Aedes aegypti aponta que a chikungunya teve um aumento de mais de 1.800% em todo do estado. De janeiro a junho deste ano, 1.864 pessoas contra\u00edram a doen\u00e7a. No mesmo per\u00edodo de 2021 tinham sido apenas 94 casos, segundo a Secretaria de Estado da Sa\u00fade (SES). [&hellip;]<\/p>\n","protected":false},"author":2,"featured_media":11739,"comment_status":"open","ping_status":"open","sticky":false,"template":"","format":"standard","meta":[],"categories":[3],"tags":[13],"_links":{"self":[{"href":"https:\/\/dgospel.com.br\/portal\/index.php\/wp-json\/wp\/v2\/posts\/11738"}],"collection":[{"href":"https:\/\/dgospel.com.br\/portal\/index.php\/wp-json\/wp\/v2\/posts"}],"about":[{"href":"https:\/\/dgospel.com.br\/portal\/index.php\/wp-json\/wp\/v2\/types\/post"}],"author":[{"embeddable":true,"href":"https:\/\/dgospel.com.br\/portal\/index.php\/wp-json\/wp\/v2\/users\/2"}],"replies":[{"embeddable":true,"href":"https:\/\/dgospel.com.br\/portal\/index.php\/wp-json\/wp\/v2\/comments?post=11738"}],"version-history":[{"count":1,"href":"https:\/\/dgospel.com.br\/portal\/index.php\/wp-json\/wp\/v2\/posts\/11738\/revisions"}],"predecessor-version":[{"id":11740,"href":"https:\/\/dgospel.com.br\/portal\/index.php\/wp-json\/wp\/v2\/posts\/11738\/revisions\/11740"}],"wp:featuredmedia":[{"embeddable":true,"href":"https:\/\/dgospel.com.br\/portal\/index.php\/wp-json\/wp\/v2\/media\/11739"}],"wp:attachment":[{"href":"https:\/\/dgospel.com.br\/portal\/index.php\/wp-json\/wp\/v2\/media?parent=11738"}],"wp:term":[{"taxonomy":"category","embeddable":true,"href":"https:\/\/dgospel.com.br\/portal\/index.php\/wp-json\/wp\/v2\/categories?post=11738"},{"taxonomy":"post_tag","embeddable":true,"href":"https:\/\/dgospel.com.br\/portal\/index.php\/wp-json\/wp\/v2\/tags?post=11738"}],"curies":[{"name":"wp","href":"https:\/\/api.w.org\/{rel}","templated":true}]}}