{"id":11744,"date":"2022-07-05T11:32:19","date_gmt":"2022-07-05T14:32:19","guid":{"rendered":"http:\/\/dgospel.com.br\/portal\/?p=11744"},"modified":"2022-07-05T11:32:20","modified_gmt":"2022-07-05T14:32:20","slug":"deputados-apresentam-pec-que-visa-combater-o-ativismo-judicial-no-stf","status":"publish","type":"post","link":"https:\/\/dgospel.com.br\/portal\/index.php\/2022\/07\/05\/deputados-apresentam-pec-que-visa-combater-o-ativismo-judicial-no-stf\/","title":{"rendered":"Deputados apresentam PEC que visa combater o \u201cativismo judicial\u201d no STF"},"content":{"rendered":"\n<p>Com a grande insatisfa\u00e7\u00e3o popular \u2013 ao menos de parte da popula\u00e7\u00e3o \u2013 em rela\u00e7\u00e3o \u00e0 atua\u00e7\u00e3o dos ministros do Supremo Tribunal Federal (STF), deputados resolveram se mobilizar para criar um Projeto de Emenda Constitucional (PEC) que visa barrar o que consideram \u201c<a href=\"https:\/\/noticias.gospelmais.com.br\/stf-sentir-forca-povo-bolsonaro-pastor-153756.html\">ativismo judicial<\/a>\u201c.<\/p>\n\n\n\n<p>De autoria do deputado federal Paulo Eduardo Martins (PL-PR), a PEC foi apresentada no \u00faltimo dia 28, lado a outra que prop\u00f5e limitar os poderes de decis\u00e3o dos ministros nos casos em que uma senten\u00e7a for considerada abusiva. Para que seja protocolado e tramite no Congresso, o projeto precisa agora de 171 assinaturas de parlamentares.<\/p>\n\n\n\n<p>Entre outras propostas no texto elaborado por Martins, est\u00e1 a limita\u00e7\u00e3o do tempo em que os ministros do STF permanecem na Corte por nove anos n\u00e3o renov\u00e1veis. Atualmente, o mandato \u00e9 vital\u00edcio, perdurando at\u00e9 a aposentadoria compuls\u00f3ria aos 75 anos.<\/p>\n\n\n\n<p>Outra ideia \u00e9 elevar a idade m\u00ednima de indica\u00e7\u00e3o para o Supremo, que atualmente \u00e9 de apenas 35 anos. Martins prop\u00f5em fixar em 50 anos, argumentando que o cargo de ministro do STF \u00e9 o topo da carreira judici\u00e1ria, motivo pelo qual o indicado precisa ter tempo de atua\u00e7\u00e3o na \u00e1rea, suficiente para que seja analisado e, havendo m\u00e9rito, nomeado.<\/p>\n\n\n\n<p>AN\u00daNCIO<\/p>\n\n\n\n<h2>Ativismo judicial<\/h2>\n\n\n\n<p>A ideia central da PEC, contudo, est\u00e1 em combater o ativismo judicial no Supremo. Com base nisso, Paulo Eduardo Martins justifica a aprova\u00e7\u00e3o da sua proposta como uma ferramenta de reequil\u00edbrio entre os Poderes da Rep\u00fablica.<\/p>\n\n\n\n<p>\u201cO Supremo \u00e9 toda hora convidado a participar da disputa pol\u00edtica e isso contamina a Corte, a exp\u00f5e desnecessariamente e induz ministros a extrapolarem suas prerrogativas\u201d, disse o deputado \u00e0&nbsp;<a href=\"https:\/\/www.gazetadopovo.com.br\/republica\/nova-pec-limita-poderes-do-stf-e-estabelece-mandato-para-ministros-o-que-diz-a-proposta\/\">Gazeta do Povo<\/a>.<\/p>\n\n\n\n<p>Assim, \u201co objetivo da proposta \u00e9 preservar as institui\u00e7\u00f5es, reequilibrar a rela\u00e7\u00e3o entre poderes e trazer a paz jur\u00eddica, pol\u00edtica e social que o Brasil precisa\u201d, ressalta o parlamentar, que atualmente \u00e9 pr\u00e9-candidato ao Senado Federal pelo Paran\u00e1.<\/p>\n\n\n\n<p>Pelas redes sociais, Martins ainda lembrou que o texto da PEC tamb\u00e9m visa limitar a facilidade com que \u00e9 poss\u00edvel ingressar com a\u00e7\u00f5es no STF. Atualmente, at\u00e9 mesmo sindicatos podem ajuizar no Supremo.<\/p>\n\n\n\n<p>\u201cUm dos pontos principais da minha PEC \u00e9 a redu\u00e7\u00e3o do rol de legitimados a ingressar com a\u00e7\u00f5es no STF, com a exclus\u00e3o dos sindicatos. Partidos precisariam obter apoio de 1% da popula\u00e7\u00e3o para propor a\u00e7\u00e3o. Isso acaba com a \u2018randolfiza\u00e7\u00e3o\u2019 da pol\u00edtica e a exposi\u00e7\u00e3o excessiva da corte\u201d,\u00a0<a href=\"https:\/\/twitter.com\/PauloMartins10\/status\/1543959959246962688\">conclui<\/a>\u00a0o deputado. <\/p>\n","protected":false},"excerpt":{"rendered":"<p>Com a grande insatisfa\u00e7\u00e3o popular \u2013 ao menos de parte da popula\u00e7\u00e3o \u2013 em rela\u00e7\u00e3o \u00e0 atua\u00e7\u00e3o dos ministros do Supremo Tribunal Federal (STF), deputados resolveram se mobilizar para criar um Projeto de Emenda Constitucional (PEC) que visa barrar o que consideram \u201cativismo judicial\u201c. De autoria do deputado federal Paulo Eduardo Martins (PL-PR), a PEC [&hellip;]<\/p>\n","protected":false},"author":2,"featured_media":11745,"comment_status":"open","ping_status":"open","sticky":false,"template":"","format":"standard","meta":[],"categories":[8],"tags":[],"_links":{"self":[{"href":"https:\/\/dgospel.com.br\/portal\/index.php\/wp-json\/wp\/v2\/posts\/11744"}],"collection":[{"href":"https:\/\/dgospel.com.br\/portal\/index.php\/wp-json\/wp\/v2\/posts"}],"about":[{"href":"https:\/\/dgospel.com.br\/portal\/index.php\/wp-json\/wp\/v2\/types\/post"}],"author":[{"embeddable":true,"href":"https:\/\/dgospel.com.br\/portal\/index.php\/wp-json\/wp\/v2\/users\/2"}],"replies":[{"embeddable":true,"href":"https:\/\/dgospel.com.br\/portal\/index.php\/wp-json\/wp\/v2\/comments?post=11744"}],"version-history":[{"count":1,"href":"https:\/\/dgospel.com.br\/portal\/index.php\/wp-json\/wp\/v2\/posts\/11744\/revisions"}],"predecessor-version":[{"id":11746,"href":"https:\/\/dgospel.com.br\/portal\/index.php\/wp-json\/wp\/v2\/posts\/11744\/revisions\/11746"}],"wp:featuredmedia":[{"embeddable":true,"href":"https:\/\/dgospel.com.br\/portal\/index.php\/wp-json\/wp\/v2\/media\/11745"}],"wp:attachment":[{"href":"https:\/\/dgospel.com.br\/portal\/index.php\/wp-json\/wp\/v2\/media?parent=11744"}],"wp:term":[{"taxonomy":"category","embeddable":true,"href":"https:\/\/dgospel.com.br\/portal\/index.php\/wp-json\/wp\/v2\/categories?post=11744"},{"taxonomy":"post_tag","embeddable":true,"href":"https:\/\/dgospel.com.br\/portal\/index.php\/wp-json\/wp\/v2\/tags?post=11744"}],"curies":[{"name":"wp","href":"https:\/\/api.w.org\/{rel}","templated":true}]}}