{"id":1175,"date":"2018-09-01T09:44:22","date_gmt":"2018-09-01T12:44:22","guid":{"rendered":"http:\/\/dgospel.com.br\/portal\/?p=1175"},"modified":"2018-09-01T09:44:22","modified_gmt":"2018-09-01T12:44:22","slug":"em-gurupi-carlesse-reforca-uniao-e-josi-nunes-defende-pacto-pela-regiao-sul-e-pelo-tocantins","status":"publish","type":"post","link":"https:\/\/dgospel.com.br\/portal\/index.php\/2018\/09\/01\/em-gurupi-carlesse-reforca-uniao-e-josi-nunes-defende-pacto-pela-regiao-sul-e-pelo-tocantins\/","title":{"rendered":"Em Gurupi, Carlesse refor\u00e7a uni\u00e3o e Josi Nunes defende pacto pela regi\u00e3o sul e pelo Tocantins"},"content":{"rendered":"<p>O governador Mauro Carlesse, candidato \u00e0 reelei\u00e7\u00e3o pela coliga\u00e7\u00e3o Governo de Atitude, prestigiou nesta sexta-feira, 31, o lan\u00e7amento da candidatura de Josi Nunes (PROS) a deputada federal. &#8220;Josi, estamos unidos por um Tocantins melhor. A regi\u00e3o sul e o Tocantins precisam de sua experi\u00eancia em Bras\u00edlia, na busca de recursos e no apoio aos nossos projetos&#8221;, disse Carlesse.<\/p>\n<p>Josi Nunes frisou que participa do processo eleitoral com alegria e que defende um pacto pelo sul e pelo Tocantins. &#8220;Aqui est\u00e1 o palanque da atitude. Venceu a estabilidade e aqui estamos pela boa governan\u00e7a e por um estado com prosperidade&#8221;, defendeu a deputada.<\/p>\n<p>Candidato ao Senado, C\u00e9sar Halum falou da miss\u00e3o de Carlesse de combater as desigualdades sociais. &#8220;Precisamos de um governador de atitude. Hoje, mesmo amarrado pelo processo eleitoral, Carlesse est\u00e1 fazendo muito. Imaginem quando tiver a liberdade para executar seus projetos e com quatro anos de governo&#8221;, disse o candidato.<\/p>\n<p>Tamb\u00e9m prestigiaram o lan\u00e7amento da candidatura de Josi Nunes, em Gurupi, os candidatos a deputados estaduais Eduardo do Dertins (PPS), Silvia Marrafon (DEM), Edinho (PROS) e Junior Veras (PHS).<\/p>\n","protected":false},"excerpt":{"rendered":"<p>O governador Mauro Carlesse, candidato \u00e0 reelei\u00e7\u00e3o pela coliga\u00e7\u00e3o Governo de Atitude, prestigiou nesta sexta-feira, 31, o lan\u00e7amento da candidatura de Josi Nunes (PROS) a deputada federal. &#8220;Josi, estamos unidos por um Tocantins melhor. A regi\u00e3o sul e o Tocantins precisam de sua experi\u00eancia em Bras\u00edlia, na busca de recursos e no apoio aos nossos [&hellip;]<\/p>\n","protected":false},"author":2,"featured_media":1176,"comment_status":"open","ping_status":"open","sticky":false,"template":"","format":"standard","meta":[],"categories":[2,4],"tags":[],"_links":{"self":[{"href":"https:\/\/dgospel.com.br\/portal\/index.php\/wp-json\/wp\/v2\/posts\/1175"}],"collection":[{"href":"https:\/\/dgospel.com.br\/portal\/index.php\/wp-json\/wp\/v2\/posts"}],"about":[{"href":"https:\/\/dgospel.com.br\/portal\/index.php\/wp-json\/wp\/v2\/types\/post"}],"author":[{"embeddable":true,"href":"https:\/\/dgospel.com.br\/portal\/index.php\/wp-json\/wp\/v2\/users\/2"}],"replies":[{"embeddable":true,"href":"https:\/\/dgospel.com.br\/portal\/index.php\/wp-json\/wp\/v2\/comments?post=1175"}],"version-history":[{"count":1,"href":"https:\/\/dgospel.com.br\/portal\/index.php\/wp-json\/wp\/v2\/posts\/1175\/revisions"}],"predecessor-version":[{"id":1177,"href":"https:\/\/dgospel.com.br\/portal\/index.php\/wp-json\/wp\/v2\/posts\/1175\/revisions\/1177"}],"wp:featuredmedia":[{"embeddable":true,"href":"https:\/\/dgospel.com.br\/portal\/index.php\/wp-json\/wp\/v2\/media\/1176"}],"wp:attachment":[{"href":"https:\/\/dgospel.com.br\/portal\/index.php\/wp-json\/wp\/v2\/media?parent=1175"}],"wp:term":[{"taxonomy":"category","embeddable":true,"href":"https:\/\/dgospel.com.br\/portal\/index.php\/wp-json\/wp\/v2\/categories?post=1175"},{"taxonomy":"post_tag","embeddable":true,"href":"https:\/\/dgospel.com.br\/portal\/index.php\/wp-json\/wp\/v2\/tags?post=1175"}],"curies":[{"name":"wp","href":"https:\/\/api.w.org\/{rel}","templated":true}]}}