{"id":11750,"date":"2022-07-06T09:32:39","date_gmt":"2022-07-06T12:32:39","guid":{"rendered":"http:\/\/dgospel.com.br\/portal\/?p=11750"},"modified":"2022-07-06T09:32:40","modified_gmt":"2022-07-06T12:32:40","slug":"katia-frisa-que-decisao-do-psd-nao-reflete-a-posicao-do-progressistas-e-que-sua-pre-campanha-segue-focada-nos-tocantinenses","status":"publish","type":"post","link":"https:\/\/dgospel.com.br\/portal\/index.php\/2022\/07\/06\/katia-frisa-que-decisao-do-psd-nao-reflete-a-posicao-do-progressistas-e-que-sua-pre-campanha-segue-focada-nos-tocantinenses\/","title":{"rendered":"K\u00e1tia frisa que decis\u00e3o do PSD n\u00e3o reflete a posi\u00e7\u00e3o do Progressistas e que sua pr\u00e9-campanha segue focada nos tocantinenses"},"content":{"rendered":"\n<p>Presidente do Diret\u00f3rio Estadual do Progressistas, a senadora e pr\u00e9-candidata \u00e0 reelei\u00e7\u00e3o K\u00e1tia, afirmou nesta ter\u00e7a-feira, 5, que o an\u00fancio feito pelo presidente do PSD no Tocantins, senador Iraj\u00e1, de apoio \u00e0 pr\u00e9-candidatura de Osires Damaso ao Governo do Estado, n\u00e3o reflete a sua posi\u00e7\u00e3o ou do Progressistas. Ela disse respeitar a decis\u00e3o, mas enfatizou que n\u00e3o foi consultada e que seu partido foi pego de surpresa.<\/p>\n\n\n\n<p>&nbsp;\u201cEu sou presidente do Partido Progressistas, n\u00f3s temos 34 candidatos a deputados estaduais e federais, temos uma candidata ao Senado, 33 prefeitos, v\u00e1rios ex-prefeitos, dezenas de l\u00edderes e vereadores que gostariam de participar dessa decis\u00e3o, manifestando a sua opini\u00e3o. N\u00f3s n\u00e3o fomos contactados, fomos pegos de surpresa. Agora, repito que respeito a decis\u00e3o de qualquer l\u00edder pol\u00edtico, presidente de qualquer partido. \u00c9 o que me resta diante de um sistema democr\u00e1tico\u201d, defendeu a senadora.<\/p>\n\n\n\n<p>Em sua fala, lembrou que as decis\u00f5es pol\u00edticas tomadas por ela e pelo senador Iraj\u00e1 t\u00eam car\u00e1ter exclusivamente pol\u00edtico, n\u00e3o interferindo na rela\u00e7\u00e3o m\u00e3e e filho.<\/p>\n\n\n\n<p>\u201cEsse epis\u00f3dio \u00e9 apenas dois senadores da Rep\u00fablica tomando posi\u00e7\u00f5es e opini\u00f5es diferentes. Eu s\u00f3 quero deixar bem claro para a popula\u00e7\u00e3o que na minha hist\u00f3ria pol\u00edtica eu nunca fiz jogo duplo, eu nunca usei de artif\u00edcios para melhorar a minha vida. Sempre fui uma pessoa muito transparente, muito clara nas minhas opini\u00f5es, e at\u00e9 mesmo me prejudico por isso, ent\u00e3o, n\u00e3o h\u00e1 qualquer possibilidade de qualquer tipo de conluio, de qualquer tipo de a\u00e7\u00e3o menor para se aproveitar de uma situa\u00e7\u00e3o. Eu n\u00e3o fa\u00e7o esse tipo de jogo, nunca fiz e nunca farei\u201d, frisou.<\/p>\n\n\n\n<p>Ela destacou o respeito que tem por todos os pr\u00e9-candidatos ao Governo, &nbsp;refor\u00e7ou que o seu posicionamento com rela\u00e7\u00e3o ao governador Wanderlei Barbosa continua o mesmo e que a sua palavra ser\u00e1 mantida, deixando o governador \u00e0 vontade para tomar a decis\u00e3o que julgar acertada quanto \u00e0 composi\u00e7\u00e3o da chapa majorit\u00e1ria.<\/p>\n\n\n\n<p>\u201cS\u00f3 quero deixar bem claro que todos aqui me conhecem e sabem que num momento delicado da vida p\u00fablica nacional, um momento dif\u00edcil, a K\u00e1tia Abreu foi umas das \u00fanicas que manteve a sua lealdade, a sua coer\u00eancia, os seus princ\u00edpios e os seus valores, e agora n\u00e3o ser\u00e1 diferente. Eu manterei a minha palavra. N\u00e3o tive nenhum motivo para mudar de posi\u00e7\u00e3o, mas compreendo que o grupo poder\u00e1 me substituir na chapa e eu vou entender que fa\u00e7am isso depois da atitude do PSD de ontem\u201d, frisou.<\/p>\n\n\n\n<p><strong>Pr\u00e9-campanha ao Senado<br><br><\/strong>Sobre sua reelei\u00e7\u00e3o ao Senado Federal, ela destacou que &nbsp;est\u00e1 muito feliz com o trabalho que vem sendo realizado. \u201cVou continuar trabalhando como tenho feito at\u00e9 aqui, corrido todos os munic\u00edpios, povoados, distritos, assentamentos, visitando as pessoas e, gra\u00e7as a Deus, sendo muito bem recebida. As pesquisas demonstram um reconhecimento forte do povo do Tocantins pelo meu trabalho\u201d, contou. &nbsp;<\/p>\n\n\n\n<p>Ainda conforme K\u00e1tia, seu intuito \u00e9 fazer uma campanha e um mandato direcionados para o povo.<\/p>\n\n\n\n<p>\u201cPreciso de apoios pol\u00edticos, sim, mas n\u00e3o quero ser uma senadora de um partido ou s\u00f3 de um grupo pol\u00edtico, eu quero ser senadora dos tocantinenses, dos brasileiros, para poder dar uma contribui\u00e7\u00e3o maravilhosa, e \u00e9 assim que eu vou continuar, na luta, como sempre estive, desde o dia em que coloquei os p\u00e9s no Tocantins h\u00e1 mais de 30 anos\u201d, finalizou.<\/p>\n","protected":false},"excerpt":{"rendered":"<p>Presidente do Diret\u00f3rio Estadual do Progressistas, a senadora e pr\u00e9-candidata \u00e0 reelei\u00e7\u00e3o K\u00e1tia, afirmou nesta ter\u00e7a-feira, 5, que o an\u00fancio feito pelo presidente do PSD no Tocantins, senador Iraj\u00e1, de apoio \u00e0 pr\u00e9-candidatura de Osires Damaso ao Governo do Estado, n\u00e3o reflete a sua posi\u00e7\u00e3o ou do Progressistas. Ela disse respeitar a decis\u00e3o, mas enfatizou [&hellip;]<\/p>\n","protected":false},"author":2,"featured_media":11751,"comment_status":"open","ping_status":"open","sticky":false,"template":"","format":"standard","meta":[],"categories":[4],"tags":[],"_links":{"self":[{"href":"https:\/\/dgospel.com.br\/portal\/index.php\/wp-json\/wp\/v2\/posts\/11750"}],"collection":[{"href":"https:\/\/dgospel.com.br\/portal\/index.php\/wp-json\/wp\/v2\/posts"}],"about":[{"href":"https:\/\/dgospel.com.br\/portal\/index.php\/wp-json\/wp\/v2\/types\/post"}],"author":[{"embeddable":true,"href":"https:\/\/dgospel.com.br\/portal\/index.php\/wp-json\/wp\/v2\/users\/2"}],"replies":[{"embeddable":true,"href":"https:\/\/dgospel.com.br\/portal\/index.php\/wp-json\/wp\/v2\/comments?post=11750"}],"version-history":[{"count":1,"href":"https:\/\/dgospel.com.br\/portal\/index.php\/wp-json\/wp\/v2\/posts\/11750\/revisions"}],"predecessor-version":[{"id":11752,"href":"https:\/\/dgospel.com.br\/portal\/index.php\/wp-json\/wp\/v2\/posts\/11750\/revisions\/11752"}],"wp:featuredmedia":[{"embeddable":true,"href":"https:\/\/dgospel.com.br\/portal\/index.php\/wp-json\/wp\/v2\/media\/11751"}],"wp:attachment":[{"href":"https:\/\/dgospel.com.br\/portal\/index.php\/wp-json\/wp\/v2\/media?parent=11750"}],"wp:term":[{"taxonomy":"category","embeddable":true,"href":"https:\/\/dgospel.com.br\/portal\/index.php\/wp-json\/wp\/v2\/categories?post=11750"},{"taxonomy":"post_tag","embeddable":true,"href":"https:\/\/dgospel.com.br\/portal\/index.php\/wp-json\/wp\/v2\/tags?post=11750"}],"curies":[{"name":"wp","href":"https:\/\/api.w.org\/{rel}","templated":true}]}}