{"id":11753,"date":"2022-07-06T09:37:56","date_gmt":"2022-07-06T12:37:56","guid":{"rendered":"http:\/\/dgospel.com.br\/portal\/?p=11753"},"modified":"2022-07-06T09:37:58","modified_gmt":"2022-07-06T12:37:58","slug":"deputado-protocola-pedido-de-cpi-para-apurar-relacao-pt-pcc","status":"publish","type":"post","link":"https:\/\/dgospel.com.br\/portal\/index.php\/2022\/07\/06\/deputado-protocola-pedido-de-cpi-para-apurar-relacao-pt-pcc\/","title":{"rendered":"Deputado protocola pedido de CPI para apurar rela\u00e7\u00e3o PT\/PCC"},"content":{"rendered":"\n<p>O deputado federal Carlos Sampaio (PSDB-SP) protocolou nesta segunda-feira (4), na C\u00e2mara dos Deputados, um requerimento para instala\u00e7\u00e3o de uma Comiss\u00e3o Parlamentar de Inqu\u00e9rito (CPI) com o objetivo de investigar supostas rela\u00e7\u00f5es que existiriam entre o Partido dos Trabalhadores (PT) e a fac\u00e7\u00e3o criminosa Primeiro Comando da Capital (<a href=\"http:\/\/pleno.news\/tag\/pcc\" target=\"_blank\" rel=\"noreferrer noopener\">PCC<\/a>).<\/p>\n\n\n\n<figure class=\"wp-block-image\"><img src=\"https:\/\/static.cdn.pleno.news\/2022\/07\/Tu%C3%ADte-do-deputado-Carlos-Sampaio-sobre-CPI.jpg\" alt=\"\" class=\"wp-image-973357\"\/><figcaption>Tu\u00edte do deputado Carlos Sampaio sobre CPI&nbsp;Foto: Reprodu\u00e7\u00e3o\/Twitter<\/figcaption><\/figure>\n\n\n\n<p>O pedido do parlamentar foi protocolado tr\u00eas dias ap\u00f3s a publica\u00e7\u00e3o de uma reportagem da revista Veja que narra uma dela\u00e7\u00e3o feita por Marcos Val\u00e9rio, um dos principais personagens do esquema do Mensal\u00e3o. De acordo com o delator, existiria uma rela\u00e7\u00e3o pr\u00f3xima entre o\u00a0<a rel=\"noreferrer noopener\" href=\"https:\/\/pleno.news\/tag\/pt\" target=\"_blank\">PT<\/a>\u00a0e a fac\u00e7\u00e3o criminosa PCC.<\/p>\n\n\n\n<p>A reportagem traz os detalhes ditos por Val\u00e9rio aos investigadores. Entre eles estaria uma suposta chantagem feita por um empres\u00e1rio de transportes contra Lula. De acordo com ele, o ex-presidente seria amea\u00e7ado por Ronan Maria Pinto, empres\u00e1rio do ramo dos transportes, a n\u00e3o revelar um esquema de arrecada\u00e7\u00e3o ilegal para financiar petistas.<\/p>\n\n\n\n<p>Os recursos ilegais viriam de empresas de \u00f4nibus, de operadores de transporte pirata e de bingos, o que serviria para lavar recursos do crime organizado.<\/p>\n\n\n\n<p>Al\u00e9m disso, a reportagem ainda traz Val\u00e9rio falando sobre um suposto dossi\u00ea do ex-prefeito Celso Daniel com \u201cdetalhes de financiamento ilegal de petistas\u201d. De acordo com o empres\u00e1rio, ap\u00f3s a morte do petista, o dossi\u00ea teria sumido. No entanto, o PT decidiu fazer uma limpeza no partido.<\/p>\n\n\n\n<p>\u2013 A posteriori, o PT fez uma limpa, tirando um monte de gente, vereador, que era ligado ao crime organizado. Voc\u00eas podem olhar direitinho que voc\u00eas v\u00e3o ver que o PT fez uma limpa, expulsando do partido essas pessoas \u2013 disse em sua dela\u00e7\u00e3o.<\/p>\n","protected":false},"excerpt":{"rendered":"<p>O deputado federal Carlos Sampaio (PSDB-SP) protocolou nesta segunda-feira (4), na C\u00e2mara dos Deputados, um requerimento para instala\u00e7\u00e3o de uma Comiss\u00e3o Parlamentar de Inqu\u00e9rito (CPI) com o objetivo de investigar supostas rela\u00e7\u00f5es que existiriam entre o Partido dos Trabalhadores (PT) e a fac\u00e7\u00e3o criminosa Primeiro Comando da Capital (PCC). O pedido do parlamentar foi protocolado [&hellip;]<\/p>\n","protected":false},"author":2,"featured_media":11754,"comment_status":"open","ping_status":"open","sticky":false,"template":"","format":"standard","meta":[],"categories":[8],"tags":[14],"_links":{"self":[{"href":"https:\/\/dgospel.com.br\/portal\/index.php\/wp-json\/wp\/v2\/posts\/11753"}],"collection":[{"href":"https:\/\/dgospel.com.br\/portal\/index.php\/wp-json\/wp\/v2\/posts"}],"about":[{"href":"https:\/\/dgospel.com.br\/portal\/index.php\/wp-json\/wp\/v2\/types\/post"}],"author":[{"embeddable":true,"href":"https:\/\/dgospel.com.br\/portal\/index.php\/wp-json\/wp\/v2\/users\/2"}],"replies":[{"embeddable":true,"href":"https:\/\/dgospel.com.br\/portal\/index.php\/wp-json\/wp\/v2\/comments?post=11753"}],"version-history":[{"count":1,"href":"https:\/\/dgospel.com.br\/portal\/index.php\/wp-json\/wp\/v2\/posts\/11753\/revisions"}],"predecessor-version":[{"id":11755,"href":"https:\/\/dgospel.com.br\/portal\/index.php\/wp-json\/wp\/v2\/posts\/11753\/revisions\/11755"}],"wp:featuredmedia":[{"embeddable":true,"href":"https:\/\/dgospel.com.br\/portal\/index.php\/wp-json\/wp\/v2\/media\/11754"}],"wp:attachment":[{"href":"https:\/\/dgospel.com.br\/portal\/index.php\/wp-json\/wp\/v2\/media?parent=11753"}],"wp:term":[{"taxonomy":"category","embeddable":true,"href":"https:\/\/dgospel.com.br\/portal\/index.php\/wp-json\/wp\/v2\/categories?post=11753"},{"taxonomy":"post_tag","embeddable":true,"href":"https:\/\/dgospel.com.br\/portal\/index.php\/wp-json\/wp\/v2\/tags?post=11753"}],"curies":[{"name":"wp","href":"https:\/\/api.w.org\/{rel}","templated":true}]}}