{"id":11756,"date":"2022-07-08T09:49:15","date_gmt":"2022-07-08T12:49:15","guid":{"rendered":"http:\/\/dgospel.com.br\/portal\/?p=11756"},"modified":"2022-07-08T09:49:16","modified_gmt":"2022-07-08T12:49:16","slug":"aprovado-pl-de-valderez-que-reforca-participacao-masculina-no-combate-a-violencia-contra-mulher","status":"publish","type":"post","link":"https:\/\/dgospel.com.br\/portal\/index.php\/2022\/07\/08\/aprovado-pl-de-valderez-que-reforca-participacao-masculina-no-combate-a-violencia-contra-mulher\/","title":{"rendered":"Aprovado PL de Valderez que refor\u00e7a participa\u00e7\u00e3o masculina no combate a viol\u00eancia contra mulher"},"content":{"rendered":"\n<p>O dia 6 de dezembro poder\u00e1 se tornar a data institu\u00edda como o Dia Estadual de Mobiliza\u00e7\u00e3o dos Homens pelo Fim da Viol\u00eancia contra as Mulheres no Estado do Tocantins. De autoria da deputada estadual Valderez Castelo Branco, o Projeto de Lei (PL) n\u00ba 474\/2021 que versa sobre o tema, foi votado e aprovado no plen\u00e1rio da Assembleia Legislativa do Tocantins (Aleto) nesta \u00faltima ter\u00e7a-feira (05), e agora segue para san\u00e7\u00e3o do Governo do Estado.<\/p>\n\n\n\n<p>Segundo o texto, durante este dia o Minist\u00e9rio P\u00fablico e as demais entidades relacionadas \u00e0 defesa dos direitos das mulheres promover\u00e3o eventos de conscientiza\u00e7\u00e3o acerca da necessidade da atua\u00e7\u00e3o dos homens no combate a viol\u00eancia contra as mulheres.<\/p>\n\n\n\n<p>Os dados do F\u00f3rum Brasileiro de Seguran\u00e7a P\u00fablica apontam que quase 90% das v\u00edtimas de feminic\u00eddio no Brasil s\u00e3o mulheres mortas por ex-maridos ou ex-companheiros. Ci\u00fames, sentimento de posse e inconformidade com a separa\u00e7\u00e3o figuram como os principais motivos para esses crimes. Neste contexto, o homem possui papel fundamental em sua preven\u00e7\u00e3o.<\/p>\n\n\n\n<p>\u201cAcreditamos que a participa\u00e7\u00e3o dos homens no combate \u00e0 viol\u00eancia dom\u00e9stica \u00e9 fundamental, pois \u00e9 por meio da cria\u00e7\u00e3o de grupos de reflex\u00e3o formados por homens de bem na aten\u00e7\u00e3o ao agressor \u00e9 que podemos atuar no rompimento do ciclo da viol\u00eancia dom\u00e9stica e na conscientiza\u00e7\u00e3o aos agressores\u201d, declarou a parlamentar.<\/p>\n\n\n\n<p>Valderez afirma ainda que a desconstru\u00e7\u00e3o do machismo por meio da informa\u00e7\u00e3o, reflex\u00e3o e responsabiliza\u00e7\u00e3o \u00e9 reconhecida como um dos meios mais eficazes para prevenir e combater a viol\u00eancia dom\u00e9stica, bem como para reduzir sua reincid\u00eancia.<\/p>\n\n\n\n<p><strong>Conscientiza\u00e7\u00e3o no tr\u00e2nsito<\/strong><\/p>\n\n\n\n<p>Apresentado pela deputada, o \u201cDia Estadual da Lei Seca\u201d no Tocantins, a ser comemorado anualmente no dia 19 de junho, tamb\u00e9m foi aprovado. \u00c9 comprovado que a combina\u00e7\u00e3o de \u00e1lcool e dire\u00e7\u00e3o potencializa os riscos de acidentes nas estradas e ruas. \u201cPor isso, \u00e9 preciso uma data espec\u00edfica no calend\u00e1rio anual a fim de que o assunto seja debatido e fortalecido junto \u00e0 sociedade\u201d, justificou a autora.<\/p>\n","protected":false},"excerpt":{"rendered":"<p>O dia 6 de dezembro poder\u00e1 se tornar a data institu\u00edda como o Dia Estadual de Mobiliza\u00e7\u00e3o dos Homens pelo Fim da Viol\u00eancia contra as Mulheres no Estado do Tocantins. De autoria da deputada estadual Valderez Castelo Branco, o Projeto de Lei (PL) n\u00ba 474\/2021 que versa sobre o tema, foi votado e aprovado no [&hellip;]<\/p>\n","protected":false},"author":2,"featured_media":11757,"comment_status":"open","ping_status":"open","sticky":false,"template":"","format":"standard","meta":[],"categories":[8],"tags":[],"_links":{"self":[{"href":"https:\/\/dgospel.com.br\/portal\/index.php\/wp-json\/wp\/v2\/posts\/11756"}],"collection":[{"href":"https:\/\/dgospel.com.br\/portal\/index.php\/wp-json\/wp\/v2\/posts"}],"about":[{"href":"https:\/\/dgospel.com.br\/portal\/index.php\/wp-json\/wp\/v2\/types\/post"}],"author":[{"embeddable":true,"href":"https:\/\/dgospel.com.br\/portal\/index.php\/wp-json\/wp\/v2\/users\/2"}],"replies":[{"embeddable":true,"href":"https:\/\/dgospel.com.br\/portal\/index.php\/wp-json\/wp\/v2\/comments?post=11756"}],"version-history":[{"count":1,"href":"https:\/\/dgospel.com.br\/portal\/index.php\/wp-json\/wp\/v2\/posts\/11756\/revisions"}],"predecessor-version":[{"id":11758,"href":"https:\/\/dgospel.com.br\/portal\/index.php\/wp-json\/wp\/v2\/posts\/11756\/revisions\/11758"}],"wp:featuredmedia":[{"embeddable":true,"href":"https:\/\/dgospel.com.br\/portal\/index.php\/wp-json\/wp\/v2\/media\/11757"}],"wp:attachment":[{"href":"https:\/\/dgospel.com.br\/portal\/index.php\/wp-json\/wp\/v2\/media?parent=11756"}],"wp:term":[{"taxonomy":"category","embeddable":true,"href":"https:\/\/dgospel.com.br\/portal\/index.php\/wp-json\/wp\/v2\/categories?post=11756"},{"taxonomy":"post_tag","embeddable":true,"href":"https:\/\/dgospel.com.br\/portal\/index.php\/wp-json\/wp\/v2\/tags?post=11756"}],"curies":[{"name":"wp","href":"https:\/\/api.w.org\/{rel}","templated":true}]}}