{"id":11768,"date":"2022-07-08T13:01:01","date_gmt":"2022-07-08T16:01:01","guid":{"rendered":"http:\/\/dgospel.com.br\/portal\/?p=11768"},"modified":"2022-07-08T13:01:02","modified_gmt":"2022-07-08T16:01:02","slug":"mp-investiga-vereador-nikolas-ferreira-por-denunciar-trans-em-banheiro-feminino","status":"publish","type":"post","link":"https:\/\/dgospel.com.br\/portal\/index.php\/2022\/07\/08\/mp-investiga-vereador-nikolas-ferreira-por-denunciar-trans-em-banheiro-feminino\/","title":{"rendered":"MP investiga vereador Nikolas Ferreira por denunciar trans em banheiro feminino"},"content":{"rendered":"\n<p>O vereador de Belo Horizonte, Nikolas Ferreira (PL) est\u00e1 sendo investigado pela&nbsp;<a href=\"https:\/\/guiame.com.br\/gospel\/mundo-cristao\/ex-homossexual-diz-que-silenciar-cristaos-e-o-principal-objetivo-da-agenda-lgbtq.html\"><strong>veicula\u00e7\u00e3o de um v\u00eddeo nas redes sociais<\/strong><\/a>, onde critica a presen\u00e7a de um adolescente transexual dentro de um banheiro feminino.<\/p>\n\n\n\n<p>As imagens foram feitas pela irm\u00e3 do vereador, num col\u00e9gio particular da capital, onde ela estuda. A grava\u00e7\u00e3o j\u00e1 tem mais de 100 mil visualiza\u00e7\u00f5es, conforme o G1.<\/p>\n\n\n\n<p>No conte\u00fado do v\u00eddeo, o adolescente de 16 anos entra no banheiro feminino e a irm\u00e3 do vereador questiona a presen\u00e7a dele ali \u201cpor se tratar de um menino\u201d. Ao compartilhar o v\u00eddeo, o vereador faz um alerta aos pais.<\/p>\n\n\n\n<p>Mas, por defender \u201c<a href=\"https:\/\/guiame.com.br\/gospel\/noticias\/professora-denuncia-demissao-por-discordar-de-ideologia-de-genero-em-escola-do-es.html\"><strong>os direitos mais b\u00e1sicos<\/strong><\/a>\u201d conforme ele especifica, Nikolas \u00e9 totalmente hostilizado pela vereadora do PSOL, feminista e militante LGBT, Bella Gon\u00e7alves.&nbsp;<\/p>\n\n\n\n<p><strong>\u201cEstou apenas reivindicando um direito\u201d<\/strong><\/p>\n\n\n\n<p>\u201cN\u00e3o estou promovendo nenhum tipo de ataque \u00e0s pessoas trans, mas apenas reivindicando um direito \u2014 homem usa banheiro de homem, e mulher usa banheiro de mulher\u201d, ele disse durante uma reuni\u00e3o ordin\u00e1ria na C\u00e2mara Municipal de Belo Horizonte.&nbsp;<\/p>\n\n\n\n<p>Enquanto Nikolas usava o microfone do plen\u00e1rio, Bella Gon\u00e7alves tentou interromp\u00ea-lo insistentemente, demonstrando total impaci\u00eancia. Ele precisou pedir licen\u00e7a para exercer o seu direito de express\u00e3o.&nbsp;<\/p>\n\n\n\n<p>\u201cA minha irm\u00e3, que estuda no col\u00e9gio Santa Maria, teve a experi\u00eancia de entrar num banheiro de menina e encontrar l\u00e1 um menino de 16 anos. E ele nem se considera um trans, ele falou que era um travesti\u201d, explicou o vereador.<\/p>\n\n\n\n<p>Segundo ele, o que\u00a0<a href=\"https:\/\/guiame.com.br\/gospel\/noticias\/barbie-trans-podera-ser-debatida-na-camara-federal-confunde-criancas.html\"><strong>est\u00e1 sendo imposto<\/strong><\/a>\u00a0a uma menina de 16 anos, \u00e9 que ela negue a privacidade dela, a seguran\u00e7a e, acima de tudo, negue a verdade. Ele disse ao se referir sobre a quest\u00e3o de realmente ser homem ou mulher.<\/p>\n\n\n\n<p><strong>\u201cAfinal de contas, basta eu me sentir que eu me torno?\u201d<\/strong><\/p>\n\n\n\n<p>Nikolas defende que&nbsp;<a href=\"https:\/\/guiame.com.br\/gospel\/noticias\/ex-gays-testemunham-libertacao-na-capital-dos-eua-jesus-pode-mudar-qualquer-um.html\"><strong>ser homem ou mulher n\u00e3o \u00e9 quest\u00e3o de sentimento<\/strong><\/a>. \u201cQuem disse que \u2018se sentir\u2019 \u00e9 ci\u00eancia? De onde surgiu isso, j\u00e1 se perguntaram?\u201d, questionou ao citar Kinsey e John Moley.<\/p>\n\n\n\n<p>\u201c\u00c9 necess\u00e1rio colocar os \u2018pingos nos is\u2019,&nbsp; pois quando indiv\u00edduos \u2018se sentem\u2019 homens ou mulheres,&nbsp;<a href=\"https:\/\/guiame.com.br\/gospel\/noticias\/franklin-graham-lamenta-o-fracasso-moral-da-disney-foram-longe-demais.html\"><strong>estamos expondo as crian\u00e7as<\/strong><\/a>. No caso, um menino se sentiu menina e entrou num espa\u00e7o onde s\u00f3 tinha meninas\u201d, apresentou o cen\u00e1rio.&nbsp;<\/p>\n\n\n\n<p>\u201cO banheiro diz respeito a uma quest\u00e3o anat\u00f4mica e n\u00e3o de g\u00eanero.&nbsp;<a href=\"https:\/\/guiame.com.br\/gospel\/mundo-cristao\/ex-trans-prega-o-evangelho-comunidade-lgbt-no-tiktok-deus-nao-comete-erros.html\"><strong>N\u00e3o \u00e9 uma autopercep\u00e7\u00e3o<\/strong><\/a>&nbsp;daquilo o que voc\u00ea se sente. No banheiro masculino existe um mict\u00f3rio, ou seja, \u00e9 para quem tem um p\u00eanis\u201d, disse ainda.<\/p>\n\n\n\n<p>\u201cEnt\u00e3o, se um professor adulto se sentir mulher, pode entrar num banheiro feminino? Isso pode dar abertura para homens mal intencionados, porque existem estupradores e ped\u00f3filos que podem se utilizar dessa brecha\u201d, alertou o vereador.<\/p>\n\n\n\n<p><strong>\u201cIsso n\u00e3o \u00e9 aceita\u00e7\u00e3o, \u00e9 uma imposi\u00e7\u00e3o\u201d<\/strong><\/p>\n\n\n\n<p>\u201cSe hoje eu me sinto homem ou me sinto mulher,&nbsp;<a href=\"https:\/\/guiame.com.br\/gospel\/mundo-cristao\/medico-demitido-por-nao-chamar-homem-de-senhora-defende-visao-biblica-na-justica-inglesa.html\"><strong>voc\u00eas s\u00e3o obrigados a aceitar a minha realidade?<\/strong><\/a>&nbsp;E se eu me sinto a \u2018presidente aqui da C\u00e2mara\u2019, o que acontece? Voc\u00eas v\u00e3o me respeitar como tal?\u201d, ilustrou.<\/p>\n\n\n\n<p>\u201cIsso&nbsp;<a href=\"https:\/\/guiame.com.br\/gospel\/noticias\/viver-como-homem-nao-resolveu-meus-problemas-diz-mulher-arrependida-apos-transicao.html\"><strong>n\u00e3o \u00e9 uma quest\u00e3o de aceita\u00e7\u00e3o<\/strong><\/a>, mas de imposi\u00e7\u00e3o. Se n\u00e3o aceitamos o que voc\u00eas est\u00e3o falando, somos transf\u00f3bicos ou homof\u00f3bicos? Mentira!\u201d, exclamou ao apontar para os ativistas LGBT\u00b4s como o grupo mais intolerante que tem no Brasil.<\/p>\n\n\n\n<p>\u201c<a href=\"https:\/\/guiame.com.br\/noticias\/mundo\/mae-acusa-escola-apos-professores-incentivarem-filha-de-11-anos-ser-transgenero.html\"><strong>O que voc\u00eas est\u00e3o fazendo \u00e9 um crime<\/strong><\/a>. Isso \u00e9 errado, isso \u00e9 cal\u00fania\u201d, disse ao lembrar que est\u00e1 sendo acusado de transf\u00f3bico e LGBTf\u00f3bico.&nbsp;<\/p>\n\n\n\n<p>\u201cSe eu perguntar a algu\u00e9m se concorda com a B\u00edblia e a pessoa disser que n\u00e3o, ent\u00e3o ela \u00e9 uma b\u00edbliaf\u00f3bica? Que loucura \u00e9 essa? N\u00e3o estou querendo impor nada. Estamos aqui falando de um direito b\u00e1sico\u201d, destacou.<\/p>\n\n\n\n<p>\u201cUma menina de 16 anos deve poder entrar num banheiro e n\u00e3o ter que encontrar um marmanjo com p\u00eanis l\u00e1 dentro. Isso por acaso \u00e9 defender uma loucura ou algo anormal?\u201d, disparou.<\/p>\n\n\n\n<p><strong>\u201cN\u00f3s n\u00e3o somos criminosos\u201d<\/strong><\/p>\n\n\n\n<p>Ao mencionar a vereadora Bella Gon\u00e7alves do PSOL, Nikolas diz: \u201cJ\u00e1 que voc\u00ea \u00e9 uma femininista que chama os homens de potenciais estupradores, como aceita um homem dentro do banheiro feminino colocando aquelas meninas em risco?\u201d.&nbsp;<\/p>\n\n\n\n<p>\u201cEu que t\u00f4 ficando louco?&nbsp;<a href=\"https:\/\/guiame.com.br\/gospel\/noticias\/pastor-acusado-de-homofobia-por-criticar-eventos-lgbt-vai-tribunal-do-reino-unido.html\"><strong>Eu que t\u00f4 querendo impor algo?<\/strong><\/a>&nbsp;Voc\u00eas n\u00e3o v\u00e3o tomar conta da sexualidade das crian\u00e7as e as induzirem a ser aquilo&nbsp; que voc\u00eas acham que elas s\u00e3o\u201d, defendeu.<\/p>\n\n\n\n<p>\u201cN\u00f3s n\u00e3o somos criminosos. O que quer dizer ser um transf\u00f3bico? \u00c9 discordar deles? Ser intolerante \u00e9 n\u00e3o concordar com tudo o que eles toleram?&nbsp;<a href=\"https:\/\/guiame.com.br\/gospel\/mundo-cristao\/especialistas-reconhecem-dor-das-criancas-criadas-por-gays-elas-precisam-de-pai-e-mae.html\"><strong>Ser respeitoso \u00e9 concordar com tudo?<\/strong><\/a>\u201d, fez as perguntas ao se referir \u00e0 comunidade LGBT.<\/p>\n\n\n\n<p><strong>\u201cAmar n\u00e3o \u00e9 concordar com tudo\u201d<\/strong><\/p>\n\n\n\n<p>Ao dizer que no amor tamb\u00e9m h\u00e1 discord\u00e2ncia, o vereador ainda destacou: \u201cAmar n\u00e3o quer dizer concordar. Se o meu filho se tornar um homossexual vou am\u00e1-lo 100%, mas vou discordar 100%\u201d, disse.<\/p>\n\n\n\n<p>\u201cEnt\u00e3o, n\u00e3o tentem trazer para o \u00e2mbito do apelativo emocional, pois n\u00e3o \u00e9 isso que estou discutindo aqui. Isso n\u00e3o diz respeito a direitos, mas a privil\u00e9gios\u201d, frisou ao dizer tamb\u00e9m que&nbsp;<a href=\"https:\/\/guiame.com.br\/gospel\/noticias\/biologo-richard-dawkins-assina-declaracao-contra-transicao-de-genero-em-criancas.html\"><strong>as pessoas est\u00e3o sendo obrigadas<\/strong><\/a>&nbsp;a \u201cengolir o que eles est\u00e3o falando\u201d, caso contr\u00e1rio s\u00e3o consideradas transf\u00f3bicas.<\/p>\n\n\n\n<p><strong>Vereadora do PSOL se defende<\/strong><\/p>\n\n\n\n<p>Enquanto isso, a vereadora, representando a comunidade LGBT, alega que o v\u00eddeo instiga \u201cviol\u00eancia\u201d contra o adolescente e contra a escola. E considerou um \u201ccrime\u201d nas redes sociais o fato do vereador ter postado o v\u00eddeo expondo a situa\u00e7\u00e3o.&nbsp;<\/p>\n\n\n\n<p>A representa\u00e7\u00e3o foi protocolada pelas vereadoras Bella Gon\u00e7alves (PSOL), Iza Louren\u00e7o (PSOL) e pela Alian\u00e7a Nacional LGBTI em Minas Gerais, junto \u00e0 Coordenadoria de Combate ao Racismo e Todas as Outras Formas de Discrimina\u00e7\u00e3o do MPMG.<\/p>\n\n\n\n<p>O documento alega que a publica\u00e7\u00e3o de Nikolas exp\u00f5e o adolescente e \u201cincita os posicionamentos contr\u00e1rios \u00e0 garantia de direitos da popula\u00e7\u00e3o transg\u00eanera\u201d. Diz ainda que fere&nbsp;<a href=\"https:\/\/guiame.com.br\/gospel\/noticias\/deputada-apresenta-lei-mauricio-souza-em-defesa-liberdade-de-expressao.html\"><strong>direitos previstos<\/strong><\/a>&nbsp;pelo Estatuto da Crian\u00e7a e do Adolescente (ECA) e tamb\u00e9m pela Constitui\u00e7\u00e3o.<\/p>\n\n\n\n<p>O caso foi instaurado como uma not\u00edcia de fato e, agora, deve ser encaminhado \u00e0 promotoria, que pode decidir por abrir o inqu\u00e9rito ou arquivar a den\u00fancia.<\/p>\n\n\n\n<p><strong>FONTE:<\/strong>&nbsp;GUIAME, CRIS BELONI<\/p>\n","protected":false},"excerpt":{"rendered":"<p>O vereador de Belo Horizonte, Nikolas Ferreira (PL) est\u00e1 sendo investigado pela&nbsp;veicula\u00e7\u00e3o de um v\u00eddeo nas redes sociais, onde critica a presen\u00e7a de um adolescente transexual dentro de um banheiro feminino. As imagens foram feitas pela irm\u00e3 do vereador, num col\u00e9gio particular da capital, onde ela estuda. A grava\u00e7\u00e3o j\u00e1 tem mais de 100 mil [&hellip;]<\/p>\n","protected":false},"author":2,"featured_media":11769,"comment_status":"open","ping_status":"open","sticky":false,"template":"","format":"standard","meta":[],"categories":[4],"tags":[],"_links":{"self":[{"href":"https:\/\/dgospel.com.br\/portal\/index.php\/wp-json\/wp\/v2\/posts\/11768"}],"collection":[{"href":"https:\/\/dgospel.com.br\/portal\/index.php\/wp-json\/wp\/v2\/posts"}],"about":[{"href":"https:\/\/dgospel.com.br\/portal\/index.php\/wp-json\/wp\/v2\/types\/post"}],"author":[{"embeddable":true,"href":"https:\/\/dgospel.com.br\/portal\/index.php\/wp-json\/wp\/v2\/users\/2"}],"replies":[{"embeddable":true,"href":"https:\/\/dgospel.com.br\/portal\/index.php\/wp-json\/wp\/v2\/comments?post=11768"}],"version-history":[{"count":1,"href":"https:\/\/dgospel.com.br\/portal\/index.php\/wp-json\/wp\/v2\/posts\/11768\/revisions"}],"predecessor-version":[{"id":11770,"href":"https:\/\/dgospel.com.br\/portal\/index.php\/wp-json\/wp\/v2\/posts\/11768\/revisions\/11770"}],"wp:featuredmedia":[{"embeddable":true,"href":"https:\/\/dgospel.com.br\/portal\/index.php\/wp-json\/wp\/v2\/media\/11769"}],"wp:attachment":[{"href":"https:\/\/dgospel.com.br\/portal\/index.php\/wp-json\/wp\/v2\/media?parent=11768"}],"wp:term":[{"taxonomy":"category","embeddable":true,"href":"https:\/\/dgospel.com.br\/portal\/index.php\/wp-json\/wp\/v2\/categories?post=11768"},{"taxonomy":"post_tag","embeddable":true,"href":"https:\/\/dgospel.com.br\/portal\/index.php\/wp-json\/wp\/v2\/tags?post=11768"}],"curies":[{"name":"wp","href":"https:\/\/api.w.org\/{rel}","templated":true}]}}