{"id":11778,"date":"2022-07-11T09:43:26","date_gmt":"2022-07-11T12:43:26","guid":{"rendered":"http:\/\/dgospel.com.br\/portal\/?p=11778"},"modified":"2022-07-11T09:43:27","modified_gmt":"2022-07-11T12:43:27","slug":"tarcisio-de-freitas-louva-na-marcha-para-jesus-sensacional","status":"publish","type":"post","link":"https:\/\/dgospel.com.br\/portal\/index.php\/2022\/07\/11\/tarcisio-de-freitas-louva-na-marcha-para-jesus-sensacional\/","title":{"rendered":"Tarc\u00edsio de Freitas louva na Marcha para Jesus: \u201cSensacional\u201d"},"content":{"rendered":"\n<p>O ex-ministro da Infraestrutura Tarc\u00edsio de Freitas (Republicanos) marcou presen\u00e7a na 30\u00aa edi\u00e7\u00e3o da&nbsp;<em>Marcha para Jesus<\/em>, que acontece neste s\u00e1bado no centro de s\u00e3o Paulo. O pr\u00e9-candidato ao governo de S\u00e3o Paulo ficou maravilhado com a quantidade de pessoas que tomaram as ruas em nome da f\u00e9.<\/p>\n\n\n\n<p>\u2013 Lindo de ver uma multid\u00e3o tomar conta das ruas de S\u00e3o Paulo em nome da f\u00e9. E sensacional viver esse dia ao lado desse cara que t\u00e1 fazendo tanto pelas pessoas. Juntos por S\u00e3o Paulo, juntos pelo Brasil \u2013 compartilhou no Instagram, em refer\u00eancia ao presidente Jair Bolsonaro (PL), que estava ao seu lado.<\/p>\n\n\n\n<p>Nos stories, Tarc\u00edsio compartilhou o momento em que ele d\u00e1 uma \u201cpalinha\u201d da can\u00e7\u00e3o&nbsp;<em>Porque Ele Vive<\/em>&nbsp;com a bispa Sonia Hernandes. Em seu momento de discursar, Tarc\u00edsio falou sobre a miseric\u00f3rdia de Deus.<\/p>\n\n\n\n<p>\u2013 A ben\u00e7\u00e3o vem, n\u00e3o pelo nosso merecimento, mas pela miseric\u00f3rdia infinita de Deus \u2013 exclamou.<\/p>\n\n\n\n<figure class=\"wp-block-image\"><img src=\"https:\/\/static.cdn.pleno.news\/2022\/07\/Screenshot_377.png\" alt=\"\" class=\"wp-image-975651\"\/><\/figure>\n","protected":false},"excerpt":{"rendered":"<p>O ex-ministro da Infraestrutura Tarc\u00edsio de Freitas (Republicanos) marcou presen\u00e7a na 30\u00aa edi\u00e7\u00e3o da&nbsp;Marcha para Jesus, que acontece neste s\u00e1bado no centro de s\u00e3o Paulo. O pr\u00e9-candidato ao governo de S\u00e3o Paulo ficou maravilhado com a quantidade de pessoas que tomaram as ruas em nome da f\u00e9. \u2013 Lindo de ver uma multid\u00e3o tomar conta [&hellip;]<\/p>\n","protected":false},"author":2,"featured_media":11779,"comment_status":"open","ping_status":"open","sticky":false,"template":"","format":"standard","meta":[],"categories":[5],"tags":[13],"_links":{"self":[{"href":"https:\/\/dgospel.com.br\/portal\/index.php\/wp-json\/wp\/v2\/posts\/11778"}],"collection":[{"href":"https:\/\/dgospel.com.br\/portal\/index.php\/wp-json\/wp\/v2\/posts"}],"about":[{"href":"https:\/\/dgospel.com.br\/portal\/index.php\/wp-json\/wp\/v2\/types\/post"}],"author":[{"embeddable":true,"href":"https:\/\/dgospel.com.br\/portal\/index.php\/wp-json\/wp\/v2\/users\/2"}],"replies":[{"embeddable":true,"href":"https:\/\/dgospel.com.br\/portal\/index.php\/wp-json\/wp\/v2\/comments?post=11778"}],"version-history":[{"count":1,"href":"https:\/\/dgospel.com.br\/portal\/index.php\/wp-json\/wp\/v2\/posts\/11778\/revisions"}],"predecessor-version":[{"id":11780,"href":"https:\/\/dgospel.com.br\/portal\/index.php\/wp-json\/wp\/v2\/posts\/11778\/revisions\/11780"}],"wp:featuredmedia":[{"embeddable":true,"href":"https:\/\/dgospel.com.br\/portal\/index.php\/wp-json\/wp\/v2\/media\/11779"}],"wp:attachment":[{"href":"https:\/\/dgospel.com.br\/portal\/index.php\/wp-json\/wp\/v2\/media?parent=11778"}],"wp:term":[{"taxonomy":"category","embeddable":true,"href":"https:\/\/dgospel.com.br\/portal\/index.php\/wp-json\/wp\/v2\/categories?post=11778"},{"taxonomy":"post_tag","embeddable":true,"href":"https:\/\/dgospel.com.br\/portal\/index.php\/wp-json\/wp\/v2\/tags?post=11778"}],"curies":[{"name":"wp","href":"https:\/\/api.w.org\/{rel}","templated":true}]}}