{"id":11781,"date":"2022-07-11T09:52:39","date_gmt":"2022-07-11T12:52:39","guid":{"rendered":"http:\/\/dgospel.com.br\/portal\/?p=11781"},"modified":"2022-07-11T09:52:41","modified_gmt":"2022-07-11T12:52:41","slug":"lula-agradece-ex-vereador-do-pt-preso-por-tentativa-de-homicidio","status":"publish","type":"post","link":"https:\/\/dgospel.com.br\/portal\/index.php\/2022\/07\/11\/lula-agradece-ex-vereador-do-pt-preso-por-tentativa-de-homicidio\/","title":{"rendered":"Lula agradece ex-vereador do PT preso por tentativa de homic\u00eddio"},"content":{"rendered":"\n<p>Pr\u00e9-candidato do PT \u00e0 Presid\u00eancia da Rep\u00fablica, Luiz In\u00e1cio Lula da Silva (PT) fez um agradecimento especial neste s\u00e1bado (9), durante um discurso em Diadema, em S\u00e3o Paulo, ao ex-vereador petista Manoel Eduardo Marinho, tamb\u00e9m conhecido como Maninho do PT.<\/p>\n\n\n\n<p>O ex-parlamentar foi preso em abril de 2018 por tentativa de homic\u00eddio ap\u00f3s empurrar o empres\u00e1rio Carlos Alberto Bettoni, que ficou desacordado ao bater com a cabe\u00e7a num caminh\u00e3o.<\/p>\n\n\n\n<p>\u2013 Maninho, eu quero, em teu nome, agradecer a toda a solidariedade do povo de Diadema. Porque foi o Maninho e o filho dele que estiveram nessa batalha \u2013 declarou o presidenci\u00e1vel.<\/p>\n\n\n\n<p>No agradecimento, Lula ainda destacou que tentou diminuir a pena do colega de partido para seis meses, visto que oficialmente Maninho ficou encarcerado por sete meses.\u00a0<strong>Veja o v\u00eddeo abaixo.<\/strong><\/p>\n\n\n\n<figure class=\"wp-block-embed is-type-video is-provider-youtube wp-block-embed-youtube wp-embed-aspect-16-9 wp-has-aspect-ratio\"><div class=\"wp-block-embed__wrapper\">\n<iframe loading=\"lazy\" title=\"Lula agradece ex-vereador durante ato do partido | CNN S\u00c1BADO\" width=\"630\" height=\"354\" src=\"https:\/\/www.youtube.com\/embed\/3xp9BCAZWkc?feature=oembed\" frameborder=\"0\" allow=\"accelerometer; autoplay; clipboard-write; encrypted-media; gyroscope; picture-in-picture\" allowfullscreen><\/iframe>\n<\/div><\/figure>\n\n\n\n<p><strong>RELEMBRE O CASO<\/strong><br>Bettoni foi agredido em frente ao Instituto Lula, zona sul de S\u00e3o Paulo, em abril de 2018, quando o ent\u00e3o juiz federal Sergio Moro expediu mandado de pris\u00e3o contra Lula.<\/p>\n\n\n\n<p>Ap\u00f3s ser empurrado, o empres\u00e1rio bateu a cabe\u00e7a em um caminh\u00e3o e ficou desacordado. Maninho do PT foi preso por tentativa de homic\u00eddio.<\/p>\n","protected":false},"excerpt":{"rendered":"<p>Pr\u00e9-candidato do PT \u00e0 Presid\u00eancia da Rep\u00fablica, Luiz In\u00e1cio Lula da Silva (PT) fez um agradecimento especial neste s\u00e1bado (9), durante um discurso em Diadema, em S\u00e3o Paulo, ao ex-vereador petista Manoel Eduardo Marinho, tamb\u00e9m conhecido como Maninho do PT. O ex-parlamentar foi preso em abril de 2018 por tentativa de homic\u00eddio ap\u00f3s empurrar o [&hellip;]<\/p>\n","protected":false},"author":2,"featured_media":11782,"comment_status":"open","ping_status":"open","sticky":false,"template":"","format":"standard","meta":[],"categories":[4],"tags":[],"_links":{"self":[{"href":"https:\/\/dgospel.com.br\/portal\/index.php\/wp-json\/wp\/v2\/posts\/11781"}],"collection":[{"href":"https:\/\/dgospel.com.br\/portal\/index.php\/wp-json\/wp\/v2\/posts"}],"about":[{"href":"https:\/\/dgospel.com.br\/portal\/index.php\/wp-json\/wp\/v2\/types\/post"}],"author":[{"embeddable":true,"href":"https:\/\/dgospel.com.br\/portal\/index.php\/wp-json\/wp\/v2\/users\/2"}],"replies":[{"embeddable":true,"href":"https:\/\/dgospel.com.br\/portal\/index.php\/wp-json\/wp\/v2\/comments?post=11781"}],"version-history":[{"count":1,"href":"https:\/\/dgospel.com.br\/portal\/index.php\/wp-json\/wp\/v2\/posts\/11781\/revisions"}],"predecessor-version":[{"id":11783,"href":"https:\/\/dgospel.com.br\/portal\/index.php\/wp-json\/wp\/v2\/posts\/11781\/revisions\/11783"}],"wp:featuredmedia":[{"embeddable":true,"href":"https:\/\/dgospel.com.br\/portal\/index.php\/wp-json\/wp\/v2\/media\/11782"}],"wp:attachment":[{"href":"https:\/\/dgospel.com.br\/portal\/index.php\/wp-json\/wp\/v2\/media?parent=11781"}],"wp:term":[{"taxonomy":"category","embeddable":true,"href":"https:\/\/dgospel.com.br\/portal\/index.php\/wp-json\/wp\/v2\/categories?post=11781"},{"taxonomy":"post_tag","embeddable":true,"href":"https:\/\/dgospel.com.br\/portal\/index.php\/wp-json\/wp\/v2\/tags?post=11781"}],"curies":[{"name":"wp","href":"https:\/\/api.w.org\/{rel}","templated":true}]}}