{"id":11784,"date":"2022-07-11T09:56:28","date_gmt":"2022-07-11T12:56:28","guid":{"rendered":"http:\/\/dgospel.com.br\/portal\/?p=11784"},"modified":"2022-07-11T09:56:29","modified_gmt":"2022-07-11T12:56:29","slug":"bolsonaro-dispensamos-o-apoio-de-quem-pratica-violencia","status":"publish","type":"post","link":"https:\/\/dgospel.com.br\/portal\/index.php\/2022\/07\/11\/bolsonaro-dispensamos-o-apoio-de-quem-pratica-violencia\/","title":{"rendered":"Bolsonaro: \u201cDispensamos o apoio de quem pratica viol\u00eancia\u201d"},"content":{"rendered":"\n<p>O presidente Jair Bolsonaro (PL) se pronunciou sobre o assassinato do guarda civil e tesoureiro do PT, Marcelo Aloizio de Arruda, morto neste s\u00e1bado (9) durante a comemora\u00e7\u00e3o de seu anivers\u00e1rio de 50 anos, em Foz do Igua\u00e7u, no Paran\u00e1. Por interm\u00e9dio de suas redes sociais, o chefe do Executivo deixou claro que \u201cdispensa qualquer tipo de apoio de quem pratica viol\u00eancia contra opositores\u201d. A mensagem foi publicada \u00e0s 19h15 deste domingo (10).<\/p>\n\n\n\n<p>As investiga\u00e7\u00f5es apontam que o crime teria sido motivado por intoler\u00e2ncia pol\u00edtica, visto que o atirador, o agente penitenci\u00e1rio federal Jorge Jos\u00e9 da Rocha Guaranho, \u00e9 apoiador de Bolsonaro, como mostram suas publica\u00e7\u00f5es nas redes sociais. Testemunhas tamb\u00e9m afirmam que ele teria gritado \u201cAqui \u00e9 Bolsonaro\u201d antes de efetuar os disparos.<\/p>\n\n\n\n<p>\u2013 Dispensamos qualquer tipo de apoio de quem pratica viol\u00eancia contra opositores. A esse tipo de gente, pe\u00e7o que por coer\u00eancia mude de lado e apoie a esquerda, que acumula um hist\u00f3rico ineg\u00e1vel de epis\u00f3dios violentos \u2013 postou o pr\u00e9-candidato \u00e0 reelei\u00e7\u00e3o.<\/p>\n\n\n\n<p>Em uma sequ\u00eancia de tu\u00edtes, o presidente lembrou o epis\u00f3dio de setembro de 2018, semanas antes do primeiro turno eleitoral, quando foi alvo de uma facada em Juiz de Fora. Na declara\u00e7\u00e3o, ele tamb\u00e9m alfinetou seu rival pela corrida eleitoral, Luiz In\u00e1cio Lula da Silva (PT), que neste s\u00e1bado (9) fez um agradecimento especial a um ex-vereador do PT preso em 2018 por tentativa de homic\u00eddio.<\/p>\n\n\n\n<p>\u2013 \u00c9 o lado de l\u00e1 que d\u00e1 facada, que cospe, que destr\u00f3i patrim\u00f4nio, que solta roj\u00e3o em cinegrafista, que protege terroristas internacionais, que desumaniza pessoas com r\u00f3tulos e pede fogo nelas, que invade fazendas e mata animais, que empurra um senhor num caminh\u00e3o em movimento \u2013 acrescentou o presidente, que ainda cobrou investiga\u00e7\u00f5es sobre o caso.<\/p>\n\n\n\n<p>\u2013 Que as autoridades apurem seriamente o ocorrido e tomem todas as provid\u00eancias cab\u00edveis, assim como contra caluniadores que agem como urubus para tentar nos prejudicar 24 horas por dia \u2013 finalizou.<\/p>\n\n\n\n<blockquote class=\"wp-block-quote\"><p>\u2013 Independente das apura\u00e7\u00f5es, republico essa mensagem de 2018:<\/p><p>Dispensamos qualquer tipo de apoio de quem pratica viol\u00eancia contra opositores. A esse tipo de gente, pe\u00e7o que por coer\u00eancia mude de lado e apoie a esquerda, que acumula um hist\u00f3rico ineg\u00e1vel de epis\u00f3dios violentos.<\/p><p>\u2014 Jair M. Bolsonaro (@jairbolsonaro)&nbsp;<a href=\"https:\/\/twitter.com\/jairbolsonaro\/status\/1546256760985485313?ref_src=twsrc%5Etfw\">July 10, 2022<\/a><\/p><\/blockquote>\n\n\n\n<p><strong>ENTENDA O CASO<\/strong><br>O guarda municipal Marcelo Arruda, candidato a vice-prefeito nas \u00faltimas elei\u00e7\u00f5es, foi assassinado a tiros durante sua festa de anivers\u00e1rio de 50 anos, ocorrida na noite deste s\u00e1bado (9\/7), em Foz do Igua\u00e7u (PR). A festa tinha como tema o PT e fazia v\u00e1rias refer\u00eancias ao ex-presidente e pr\u00e9-candidato Luiz In\u00e1cio Lula da Silva.<\/p>\n\n\n\n<p>Segundo relatos, por volta das 23h, Jorge Guaranho invadiu a festa e atirou em Marcelo, que estava armado e revidou. Foi noticiado inicialmente que o atirador tamb\u00e9m teria morrido, mas novas informa\u00e7\u00f5es confirmam que ele est\u00e1 internado em estado est\u00e1vel. A pol\u00edcia investiga o crime como sendo de \u201cmotiva\u00e7\u00e3o de pol\u00edtica\u201d.<\/p>\n","protected":false},"excerpt":{"rendered":"<p>O presidente Jair Bolsonaro (PL) se pronunciou sobre o assassinato do guarda civil e tesoureiro do PT, Marcelo Aloizio de Arruda, morto neste s\u00e1bado (9) durante a comemora\u00e7\u00e3o de seu anivers\u00e1rio de 50 anos, em Foz do Igua\u00e7u, no Paran\u00e1. Por interm\u00e9dio de suas redes sociais, o chefe do Executivo deixou claro que \u201cdispensa qualquer [&hellip;]<\/p>\n","protected":false},"author":2,"featured_media":11785,"comment_status":"open","ping_status":"open","sticky":false,"template":"","format":"standard","meta":[],"categories":[4],"tags":[14],"_links":{"self":[{"href":"https:\/\/dgospel.com.br\/portal\/index.php\/wp-json\/wp\/v2\/posts\/11784"}],"collection":[{"href":"https:\/\/dgospel.com.br\/portal\/index.php\/wp-json\/wp\/v2\/posts"}],"about":[{"href":"https:\/\/dgospel.com.br\/portal\/index.php\/wp-json\/wp\/v2\/types\/post"}],"author":[{"embeddable":true,"href":"https:\/\/dgospel.com.br\/portal\/index.php\/wp-json\/wp\/v2\/users\/2"}],"replies":[{"embeddable":true,"href":"https:\/\/dgospel.com.br\/portal\/index.php\/wp-json\/wp\/v2\/comments?post=11784"}],"version-history":[{"count":1,"href":"https:\/\/dgospel.com.br\/portal\/index.php\/wp-json\/wp\/v2\/posts\/11784\/revisions"}],"predecessor-version":[{"id":11786,"href":"https:\/\/dgospel.com.br\/portal\/index.php\/wp-json\/wp\/v2\/posts\/11784\/revisions\/11786"}],"wp:featuredmedia":[{"embeddable":true,"href":"https:\/\/dgospel.com.br\/portal\/index.php\/wp-json\/wp\/v2\/media\/11785"}],"wp:attachment":[{"href":"https:\/\/dgospel.com.br\/portal\/index.php\/wp-json\/wp\/v2\/media?parent=11784"}],"wp:term":[{"taxonomy":"category","embeddable":true,"href":"https:\/\/dgospel.com.br\/portal\/index.php\/wp-json\/wp\/v2\/categories?post=11784"},{"taxonomy":"post_tag","embeddable":true,"href":"https:\/\/dgospel.com.br\/portal\/index.php\/wp-json\/wp\/v2\/tags?post=11784"}],"curies":[{"name":"wp","href":"https:\/\/api.w.org\/{rel}","templated":true}]}}