{"id":1179,"date":"2018-09-03T09:50:07","date_gmt":"2018-09-03T12:50:07","guid":{"rendered":"http:\/\/dgospel.com.br\/portal\/?p=1179"},"modified":"2018-09-03T09:50:07","modified_gmt":"2018-09-03T12:50:07","slug":"hisrael-dias-por-que-lula-nao-ira-disputar-as-eleicoes-de-2018","status":"publish","type":"post","link":"https:\/\/dgospel.com.br\/portal\/index.php\/2018\/09\/03\/hisrael-dias-por-que-lula-nao-ira-disputar-as-eleicoes-de-2018\/","title":{"rendered":"Hisrael Dias: Por que Lula n\u00e3o ir\u00e1 disputar as elei\u00e7\u00f5es de 2018?"},"content":{"rendered":"<p>Em se tratando do processo eleitoral de 2018, no meu entendimento, quem tirou Lula da disputa eleitoral foram os seus advogados! Que: n\u00e3o contentes com a decis\u00e3o do juiz S\u00e9rgio Moro, e, no af\u00e3 de mostrar servi\u00e7o para quem os contrataram, cometeram um erro grosseiro e grav\u00edssimo, talvez por falta de experi\u00eancia ou falta de habilidade em um caso de tamanha notoriedade como esse, em virtude do cliente que eles representam. Em vez dos advogados de Lula, ficarem quietos e contar com o tempo e a condena\u00e7\u00e3o em primeira inst\u00e2ncia em fovor do seu cliente, n\u00e3o! Resolveram imediatamente levar o caso logo para a segunda inst\u00e2ncia. Sendo que neste momento eles agem de forma infantil e mostram despreparo e desespero t\u00e9cnico, a ponto de deixar de uma vez por todas o seu cliente fora da disputa eleitoral de 2018. Visto que, apenas com a condena\u00e7\u00e3o do juiz S\u00e9rgio Moro, por ser este, juiz de primeira inst\u00e2ncia, Lula n\u00e3o estaria fora do P\u00e1reo nas elei\u00e7\u00f5es deste ano. Contudo, quando o caso foi levado para a Segunda inst\u00e2ncia, e l\u00e1 condenado ai sim! O r\u00e9u fica obrigatoriamente fora do processo eleitoral. Falo isso! apenas para contar que; foram os advogados de Luiz In\u00e1cio Lula da Silva, quem provocou o seu afastamento de forma direta da disputa eleitoral de 2018. Essa decis\u00e3o ou atitude de seus Advogados, que na minha opini\u00e3o, repito uma vez mais, foram infantis e despreparados, mostraram para a sociedade a inefici\u00eancia de suas a\u00e7\u00f5es como advogado em defesa do seu cliente. Visto que o mesmo, poderia estar neste momento candidato, neste processo eleitoral de 2018, apenas com a condena\u00e7\u00e3o do Moro. Com direito a hor\u00e1rio pol\u00edtico, (com direito a subir em palanques, Talvez sim talvez n\u00e3o), e provavelmente ainda com direito a participar dos debates pol\u00edticos nas emissoras de televis\u00f5es e r\u00e1dios, sua propaganda com fotos e proje\u00e7\u00f5es com sua pr\u00f3pria imagem e fala que, deveriam estar sendo utilizadas em palanques ou algo do g\u00eanero. Enfim, poder participar de todo o processo, tendo em vista que, a sua condena\u00e7\u00e3o foi apenas em primeira inst\u00e2ncia. Todavia, repito uma vez mais, seus Advogados o tiraram dessa disputa, e a meu ver, por falta de habilidade profissional.<\/p>\n<p>No meu entendimento! da parte de seus advogados, faltou eles serem: um pouco mais cautelosos e maquiav\u00e9licos, bom senso, habilidade profissional, esperteza e compet\u00eancia jur\u00eddica. Por\u00e9m, ao se sentirem derrotados e vencidos, foram para mais uma aventura incerta e desnecess\u00e1ria, face ao grandioso processo ELEITORAL que j\u00e1 se avizinhava e a pequin\u00eas da condena\u00e7\u00e3o de um juiz de primeira inst\u00e2ncia no que tange a candidatura do l\u00edder maior de seu partido. Em vez de ficarem quietos, n\u00e3o! Foram brigar em um territ\u00f3rio minado e que pouco conheciam e certamente menos ainda transitado por eles.<\/p>\n<p>Talvez por capricho ou incompet\u00eancia mesmo. Com tudo, insatisfeito com a condena\u00e7\u00e3o do juiz Moro, resolveram subir o caso para a Segunda inst\u00e2ncia, que por sua vez iria percorrer a terceira, a quarta e todas as inst\u00e2ncias que se tem neste pa\u00eds, culminando como a suprema corte brasileira.<\/p>\n<p>Achando que os doutos ministros do supremo iriam, se curvar diante de apenas uma orienta\u00e7\u00e3o da ONU, quando o brasil \u00e9 apenas signat\u00e1rio e n\u00e3o membro oficial da tal corte. Sendo assim, se mostraram ineficientes em suas a\u00e7\u00f5es como advogado e em defesa do seu cliente. Sendo que, o mais sensato a ser feito era; esperar o registro da sua candidatura e posteriormente sua elei\u00e7\u00e3o se fosse esse o resultado das urnas. Para ent\u00e3o, pleitear a quest\u00e3o do m\u00e9rito da diploma\u00e7\u00e3o, posse e permanecia no cargo, ou como os tribunos, mestres e doutores em direito costumam falar: Uma vez eleito e diplomado, \u00e9\u00a0 que se julga o m\u00e9rito da quest\u00e3o, talvez depois de tomar posse quem sabe&#8230;<\/p>\n<p>Portanto, Fica aqui a minha fala e, olha que, n\u00e3o precisa ser, nem aluno de direito para identificar essa falta de habilidade dos advogados de Lula neste caso em apre\u00e7o!<\/p>\n<p>_______________________________________________________________________<\/p>\n<p><img loading=\"lazy\" class=\"alignnone size-medium wp-image-1181\" src=\"http:\/\/dgospel.com.br\/portal\/wp-content\/uploads\/2018\/09\/IMG-20180903-WA0057-1-200x300.jpg\" alt=\"\" width=\"200\" height=\"300\" srcset=\"https:\/\/dgospel.com.br\/portal\/wp-content\/uploads\/2018\/09\/IMG-20180903-WA0057-1-200x300.jpg 200w, https:\/\/dgospel.com.br\/portal\/wp-content\/uploads\/2018\/09\/IMG-20180903-WA0057-1-683x1024.jpg 683w, https:\/\/dgospel.com.br\/portal\/wp-content\/uploads\/2018\/09\/IMG-20180903-WA0057-1.jpg 720w\" sizes=\"(max-width: 200px) 100vw, 200px\" \/>Hisrael Dias &#8211; \u00c9 historiador e fil\u00f3sofo crist\u00e3o.<\/p>\n","protected":false},"excerpt":{"rendered":"<p>Em se tratando do processo eleitoral de 2018, no meu entendimento, quem tirou Lula da disputa eleitoral foram os seus advogados! Que: n\u00e3o contentes com a decis\u00e3o do juiz S\u00e9rgio Moro, e, no af\u00e3 de mostrar servi\u00e7o para quem os contrataram, cometeram um erro grosseiro e grav\u00edssimo, talvez por falta de experi\u00eancia ou falta de [&hellip;]<\/p>\n","protected":false},"author":2,"featured_media":1180,"comment_status":"open","ping_status":"open","sticky":false,"template":"","format":"standard","meta":[],"categories":[11],"tags":[],"_links":{"self":[{"href":"https:\/\/dgospel.com.br\/portal\/index.php\/wp-json\/wp\/v2\/posts\/1179"}],"collection":[{"href":"https:\/\/dgospel.com.br\/portal\/index.php\/wp-json\/wp\/v2\/posts"}],"about":[{"href":"https:\/\/dgospel.com.br\/portal\/index.php\/wp-json\/wp\/v2\/types\/post"}],"author":[{"embeddable":true,"href":"https:\/\/dgospel.com.br\/portal\/index.php\/wp-json\/wp\/v2\/users\/2"}],"replies":[{"embeddable":true,"href":"https:\/\/dgospel.com.br\/portal\/index.php\/wp-json\/wp\/v2\/comments?post=1179"}],"version-history":[{"count":1,"href":"https:\/\/dgospel.com.br\/portal\/index.php\/wp-json\/wp\/v2\/posts\/1179\/revisions"}],"predecessor-version":[{"id":1182,"href":"https:\/\/dgospel.com.br\/portal\/index.php\/wp-json\/wp\/v2\/posts\/1179\/revisions\/1182"}],"wp:featuredmedia":[{"embeddable":true,"href":"https:\/\/dgospel.com.br\/portal\/index.php\/wp-json\/wp\/v2\/media\/1180"}],"wp:attachment":[{"href":"https:\/\/dgospel.com.br\/portal\/index.php\/wp-json\/wp\/v2\/media?parent=1179"}],"wp:term":[{"taxonomy":"category","embeddable":true,"href":"https:\/\/dgospel.com.br\/portal\/index.php\/wp-json\/wp\/v2\/categories?post=1179"},{"taxonomy":"post_tag","embeddable":true,"href":"https:\/\/dgospel.com.br\/portal\/index.php\/wp-json\/wp\/v2\/tags?post=1179"}],"curies":[{"name":"wp","href":"https:\/\/api.w.org\/{rel}","templated":true}]}}