{"id":11793,"date":"2022-07-12T10:42:07","date_gmt":"2022-07-12T13:42:07","guid":{"rendered":"http:\/\/dgospel.com.br\/portal\/?p=11793"},"modified":"2022-07-12T10:42:08","modified_gmt":"2022-07-12T13:42:08","slug":"bolsonaro-protesta-pelo-fato-de-homem-que-matou-petista-ser-chamado-de-bolsonarista","status":"publish","type":"post","link":"https:\/\/dgospel.com.br\/portal\/index.php\/2022\/07\/12\/bolsonaro-protesta-pelo-fato-de-homem-que-matou-petista-ser-chamado-de-bolsonarista\/","title":{"rendered":"Bolsonaro protesta pelo fato de homem que matou petista ser chamado de \u201cbolsonarista\u201d"},"content":{"rendered":"\n<p>Em conversa com apoiadores nesta segunda-feira (11), o presidente&nbsp;<a href=\"http:\/\/pleno.news\/tag\/jair-bolsonaro\" target=\"_blank\" rel=\"noreferrer noopener\">Jair Bolsonaro<\/a>&nbsp;(PL) reclamou do fato de o policial penal Jorge Jos\u00e9 da Rocha Guaranho ser chamado de \u201cbolsonarista\u201d. Guaranho disparou os tiros que mataram o guarda municipal Marcelo Arruda, tesoureiro do Partido dos Trabalhadores (PT) em Foz do Igua\u00e7u, no Paran\u00e1, no \u00faltimo s\u00e1bado (9).<\/p>\n\n\n\n<p>\u2013 Voc\u00eas viram o que aconteceu [no s\u00e1bado, 9], n\u00e9? A briga de duas pessoas l\u00e1 em Foz do Igua\u00e7u? Bolsonarista, n\u00e3o sei o que l\u00e1\u2026 Agora, ningu\u00e9m fala que o Ad\u00e9lio era filiado ao PSOL, n\u00e9? \u2013 indagou o presidente.<\/p>\n\n\n\n<figure class=\"wp-block-embed is-type-video is-provider-youtube wp-block-embed-youtube wp-embed-aspect-16-9 wp-has-aspect-ratio\"><div class=\"wp-block-embed__wrapper\">\n<iframe loading=\"lazy\" title=\"AGORA! Bolsonaro fala forte sobre elei\u00e7\u00f5es limpas, crime de Foz do Igua\u00e7u e mais.\" width=\"630\" height=\"354\" src=\"https:\/\/www.youtube.com\/embed\/sKFRs5xSE_U?start=728&#038;feature=oembed\" frameborder=\"0\" allow=\"accelerometer; autoplay; clipboard-write; encrypted-media; gyroscope; picture-in-picture\" allowfullscreen><\/iframe>\n<\/div><\/figure>\n\n\n\n<p>No domingo, Bolsonaro j\u00e1 havia se pronunciado sobre o assassinato de Marcelo Arruda. Em uma sequ\u00eancia de tu\u00edtes, o presidente lembrou o epis\u00f3dio de setembro de 2018, semanas antes do primeiro turno eleitoral, quando foi alvo de uma facada em Juiz de Fora (MG).<\/p>\n\n\n\n<p>\u2013 \u00c9 o lado de l\u00e1 que d\u00e1 facada, que cospe, que destr\u00f3i patrim\u00f4nio, que solta roj\u00e3o em cinegrafista, que protege terroristas internacionais, que desumaniza pessoas com r\u00f3tulos e pede fogo nelas, que invade fazendas e mata animais, que empurra um senhor num caminh\u00e3o em movimento \u2013 acrescentou o presidente, que ainda cobrou investiga\u00e7\u00f5es sobre o caso.<\/p>\n\n\n\n<p><strong>ENTENDA O CASO<\/strong><br>O guarda municipal Marcelo Arruda, candidato a vice-prefeito de Foz do Igua\u00e7u, no&nbsp;<a href=\"http:\/\/pleno.news\/tag\/parana\" target=\"_blank\" rel=\"noreferrer noopener\">Paran\u00e1<\/a>, nas \u00faltimas elei\u00e7\u00f5es municipais em 2020, foi assassinado a tiros durante sua festa de anivers\u00e1rio de 50 anos, ocorrida na noite deste s\u00e1bado (9), tamb\u00e9m em Foz do Igua\u00e7u. A festa tinha como tema o PT e fazia v\u00e1rias refer\u00eancias ao ex-presidente e pr\u00e9-candidato Luiz In\u00e1cio Lula da Silva.<\/p>\n\n\n\n<p>Segundo relatos, por volta das 23h, Jorge Guaranho invadiu a festa e atirou em Marcelo, que estava armado e revidou. Foi noticiado inicialmente que o atirador tamb\u00e9m teria morrido, mas a informa\u00e7\u00e3o foi corrigida posteriormente e foi informado que o policial penal estava internado em estado est\u00e1vel. A pol\u00edcia investiga o crime como sendo de \u201cmotiva\u00e7\u00e3o de pol\u00edtica\u201d.<\/p>\n","protected":false},"excerpt":{"rendered":"<p>Em conversa com apoiadores nesta segunda-feira (11), o presidente&nbsp;Jair Bolsonaro&nbsp;(PL) reclamou do fato de o policial penal Jorge Jos\u00e9 da Rocha Guaranho ser chamado de \u201cbolsonarista\u201d. Guaranho disparou os tiros que mataram o guarda municipal Marcelo Arruda, tesoureiro do Partido dos Trabalhadores (PT) em Foz do Igua\u00e7u, no Paran\u00e1, no \u00faltimo s\u00e1bado (9). \u2013 Voc\u00eas [&hellip;]<\/p>\n","protected":false},"author":2,"featured_media":11794,"comment_status":"open","ping_status":"open","sticky":false,"template":"","format":"standard","meta":[],"categories":[4],"tags":[13],"_links":{"self":[{"href":"https:\/\/dgospel.com.br\/portal\/index.php\/wp-json\/wp\/v2\/posts\/11793"}],"collection":[{"href":"https:\/\/dgospel.com.br\/portal\/index.php\/wp-json\/wp\/v2\/posts"}],"about":[{"href":"https:\/\/dgospel.com.br\/portal\/index.php\/wp-json\/wp\/v2\/types\/post"}],"author":[{"embeddable":true,"href":"https:\/\/dgospel.com.br\/portal\/index.php\/wp-json\/wp\/v2\/users\/2"}],"replies":[{"embeddable":true,"href":"https:\/\/dgospel.com.br\/portal\/index.php\/wp-json\/wp\/v2\/comments?post=11793"}],"version-history":[{"count":1,"href":"https:\/\/dgospel.com.br\/portal\/index.php\/wp-json\/wp\/v2\/posts\/11793\/revisions"}],"predecessor-version":[{"id":11795,"href":"https:\/\/dgospel.com.br\/portal\/index.php\/wp-json\/wp\/v2\/posts\/11793\/revisions\/11795"}],"wp:featuredmedia":[{"embeddable":true,"href":"https:\/\/dgospel.com.br\/portal\/index.php\/wp-json\/wp\/v2\/media\/11794"}],"wp:attachment":[{"href":"https:\/\/dgospel.com.br\/portal\/index.php\/wp-json\/wp\/v2\/media?parent=11793"}],"wp:term":[{"taxonomy":"category","embeddable":true,"href":"https:\/\/dgospel.com.br\/portal\/index.php\/wp-json\/wp\/v2\/categories?post=11793"},{"taxonomy":"post_tag","embeddable":true,"href":"https:\/\/dgospel.com.br\/portal\/index.php\/wp-json\/wp\/v2\/tags?post=11793"}],"curies":[{"name":"wp","href":"https:\/\/api.w.org\/{rel}","templated":true}]}}