{"id":11797,"date":"2022-07-12T15:32:23","date_gmt":"2022-07-12T18:32:23","guid":{"rendered":"http:\/\/dgospel.com.br\/portal\/?p=11797"},"modified":"2022-07-12T15:32:24","modified_gmt":"2022-07-12T18:32:24","slug":"cafe-da-manha-com-bispos-e-pastores-de-porto-nacional-marca-o-inicio-da-programacao-alusiva-ao-dia-do-evangelico","status":"publish","type":"post","link":"https:\/\/dgospel.com.br\/portal\/index.php\/2022\/07\/12\/cafe-da-manha-com-bispos-e-pastores-de-porto-nacional-marca-o-inicio-da-programacao-alusiva-ao-dia-do-evangelico\/","title":{"rendered":"Caf\u00e9 da manh\u00e3 com bispos e pastores de Porto Nacional marca o in\u00edcio da programa\u00e7\u00e3o alusiva ao Dia do Evang\u00e9lico"},"content":{"rendered":"\n<p>Louvor, adora\u00e7\u00e3o e muita f\u00e9 marcaram o in\u00edcio do Dia do Evang\u00e9lico em Porto Nacional, comemorado anualmente no dia 12 de julho. Um caf\u00e9 da manh\u00e3 promovido pela Prefeitura Municipal ao Conselho de Ministros e Pastores de Porto Nacional &#8211; COMPAS, foi realizado no Centro de Conven\u00e7\u00f5es Vicente de Paula &#8211; Comandante Vicent\u00e3o, nesta ter\u00e7a-feira, 12, com vistas a fortalecer ainda mais a f\u00e9 dos fi\u00e9is e adoradores evang\u00e9licos do munic\u00edpio. O dia alusivo foi criado pelo vereador, Helder Brito &#8211; In memorian, por meio da Lei 1766\/2003.<\/p>\n\n\n\n<p>Os eventos alusivos \u00e0 data dever\u00e3o acontecer durante todo o dia, e incluem Carreata al\u00e9m de uma programa\u00e7\u00e3o especial com louvores e um super show com o cantor de renome nacional, Anderson Freire, a partir das 19 horas.<\/p>\n\n\n\n<p>Dentre pastores, bispos, vereadores e secret\u00e1rios municipais presentes no caf\u00e9 da manh\u00e3 desta ter\u00e7a-feira, 12, estava o prefeito de Porto Nacional, Ronivon Maciel que destacou a import\u00e2ncia de realizar a programa\u00e7\u00e3o gospel no munic\u00edpio. \u201cCelebramos o Dia do Evang\u00e9lico todos os dias, mas hoje \u00e9 um dia especial onde n\u00f3s vamos fortalecer ainda mais a nossa f\u00e9, determina\u00e7\u00e3o e a nossa cren\u00e7a em Jesus Cristo. N\u00e3o podemos deixar passar em branco, estamos iniciando essa manh\u00e3 nesse caf\u00e9, pedindo as b\u00ean\u00e7\u00e3os ao nosso Deus. Preparamos tudo com todo o carinho e amor\u201d, afirmou o gestor de Porto Nacional.<\/p>\n\n\n\n<p>Para o presidente do COMPAS, Wesley Bezerra, o dia ser\u00e1 de muita adora\u00e7\u00e3o e f\u00e9. &#8220;Hoje estamos reunidos juntamente com os pastores e todos os l\u00edderes evang\u00e9licos do munic\u00edpio para darmos in\u00edcio a este dia t\u00e3o especial, estamos muito felizes e firmes nesse prop\u00f3sito de adora\u00e7\u00e3o a Deus e objetivando adorar e fortalecer essa data. Al\u00e9m do momento devocional, teremos louvores, momento da palavra de Deus e ora\u00e7\u00e3o durante todo o dia nos eventos ao Dia do Evang\u00e9lico\u201d, frisou.<\/p>\n","protected":false},"excerpt":{"rendered":"<p>Louvor, adora\u00e7\u00e3o e muita f\u00e9 marcaram o in\u00edcio do Dia do Evang\u00e9lico em Porto Nacional, comemorado anualmente no dia 12 de julho. Um caf\u00e9 da manh\u00e3 promovido pela Prefeitura Municipal ao Conselho de Ministros e Pastores de Porto Nacional &#8211; COMPAS, foi realizado no Centro de Conven\u00e7\u00f5es Vicente de Paula &#8211; Comandante Vicent\u00e3o, nesta ter\u00e7a-feira, [&hellip;]<\/p>\n","protected":false},"author":2,"featured_media":11798,"comment_status":"open","ping_status":"open","sticky":false,"template":"","format":"standard","meta":[],"categories":[5],"tags":[13],"_links":{"self":[{"href":"https:\/\/dgospel.com.br\/portal\/index.php\/wp-json\/wp\/v2\/posts\/11797"}],"collection":[{"href":"https:\/\/dgospel.com.br\/portal\/index.php\/wp-json\/wp\/v2\/posts"}],"about":[{"href":"https:\/\/dgospel.com.br\/portal\/index.php\/wp-json\/wp\/v2\/types\/post"}],"author":[{"embeddable":true,"href":"https:\/\/dgospel.com.br\/portal\/index.php\/wp-json\/wp\/v2\/users\/2"}],"replies":[{"embeddable":true,"href":"https:\/\/dgospel.com.br\/portal\/index.php\/wp-json\/wp\/v2\/comments?post=11797"}],"version-history":[{"count":1,"href":"https:\/\/dgospel.com.br\/portal\/index.php\/wp-json\/wp\/v2\/posts\/11797\/revisions"}],"predecessor-version":[{"id":11799,"href":"https:\/\/dgospel.com.br\/portal\/index.php\/wp-json\/wp\/v2\/posts\/11797\/revisions\/11799"}],"wp:featuredmedia":[{"embeddable":true,"href":"https:\/\/dgospel.com.br\/portal\/index.php\/wp-json\/wp\/v2\/media\/11798"}],"wp:attachment":[{"href":"https:\/\/dgospel.com.br\/portal\/index.php\/wp-json\/wp\/v2\/media?parent=11797"}],"wp:term":[{"taxonomy":"category","embeddable":true,"href":"https:\/\/dgospel.com.br\/portal\/index.php\/wp-json\/wp\/v2\/categories?post=11797"},{"taxonomy":"post_tag","embeddable":true,"href":"https:\/\/dgospel.com.br\/portal\/index.php\/wp-json\/wp\/v2\/tags?post=11797"}],"curies":[{"name":"wp","href":"https:\/\/api.w.org\/{rel}","templated":true}]}}