{"id":118,"date":"2018-05-12T13:43:43","date_gmt":"2018-05-12T16:43:43","guid":{"rendered":"http:\/\/dgospel.com.br\/portal\/?p=118"},"modified":"2018-05-12T13:44:00","modified_gmt":"2018-05-12T16:44:00","slug":"vicentinho-alves-amplia-numero-de-apoios-no-norte-do-estado","status":"publish","type":"post","link":"https:\/\/dgospel.com.br\/portal\/index.php\/2018\/05\/12\/vicentinho-alves-amplia-numero-de-apoios-no-norte-do-estado\/","title":{"rendered":"Vicentinho Alves amplia n\u00famero de apoios no Norte do Estado"},"content":{"rendered":"<p>Por onde o candidato a Governador Vicentinho Alves (PR) passa tem ades\u00e3o \u00e0s suas propostas, ao seu projeto, a sua campanha. Nesta sexta-feira, 11, o prefeito de Filad\u00e9lfia Miz\u00f4 Alencar, o prefeito de Santa F\u00e9, Oidio Gon\u00e7alves de Oliveira, hipotecaram apoio \u00e0 Vicentinho Alves. O prefeito Santa F\u00e9 estava acompanhado\u00a0 da vereadora Neusa e do vereador Cleverson.<\/p>\n<p>O\u00eddio esclareceu que o que o motivou a apoiar Vicentinho para governador &#8220;foi a sinceridade dele e os compromissos que tem assumido e tem cumprido com Santa F\u00e9.&#8221;<\/p>\n<p>J\u00e1 Miz\u00f4 Alencar disse que Vicentinho \u00e9 o mais preparado entre os atuais candidatos ao governo do estado para mandato tamp\u00e3o e \u00e9 um pol\u00edtico que cumpre os compromissos.<\/p>\n<p>Vicentinho agradeceu o apoio recebido e reafirmou seu compromisso de fazer um governo municipalista, planejado e eficiente.<\/p>\n","protected":false},"excerpt":{"rendered":"<p>Por onde o candidato a Governador Vicentinho Alves (PR) passa tem ades\u00e3o \u00e0s suas propostas, ao seu projeto, a sua campanha. Nesta sexta-feira, 11, o prefeito de Filad\u00e9lfia Miz\u00f4 Alencar, o prefeito de Santa F\u00e9, Oidio Gon\u00e7alves de Oliveira, hipotecaram apoio \u00e0 Vicentinho Alves. O prefeito Santa F\u00e9 estava acompanhado\u00a0 da vereadora Neusa e do [&hellip;]<\/p>\n","protected":false},"author":2,"featured_media":119,"comment_status":"open","ping_status":"open","sticky":false,"template":"","format":"standard","meta":[],"categories":[2,4],"tags":[],"_links":{"self":[{"href":"https:\/\/dgospel.com.br\/portal\/index.php\/wp-json\/wp\/v2\/posts\/118"}],"collection":[{"href":"https:\/\/dgospel.com.br\/portal\/index.php\/wp-json\/wp\/v2\/posts"}],"about":[{"href":"https:\/\/dgospel.com.br\/portal\/index.php\/wp-json\/wp\/v2\/types\/post"}],"author":[{"embeddable":true,"href":"https:\/\/dgospel.com.br\/portal\/index.php\/wp-json\/wp\/v2\/users\/2"}],"replies":[{"embeddable":true,"href":"https:\/\/dgospel.com.br\/portal\/index.php\/wp-json\/wp\/v2\/comments?post=118"}],"version-history":[{"count":2,"href":"https:\/\/dgospel.com.br\/portal\/index.php\/wp-json\/wp\/v2\/posts\/118\/revisions"}],"predecessor-version":[{"id":121,"href":"https:\/\/dgospel.com.br\/portal\/index.php\/wp-json\/wp\/v2\/posts\/118\/revisions\/121"}],"wp:featuredmedia":[{"embeddable":true,"href":"https:\/\/dgospel.com.br\/portal\/index.php\/wp-json\/wp\/v2\/media\/119"}],"wp:attachment":[{"href":"https:\/\/dgospel.com.br\/portal\/index.php\/wp-json\/wp\/v2\/media?parent=118"}],"wp:term":[{"taxonomy":"category","embeddable":true,"href":"https:\/\/dgospel.com.br\/portal\/index.php\/wp-json\/wp\/v2\/categories?post=118"},{"taxonomy":"post_tag","embeddable":true,"href":"https:\/\/dgospel.com.br\/portal\/index.php\/wp-json\/wp\/v2\/tags?post=118"}],"curies":[{"name":"wp","href":"https:\/\/api.w.org\/{rel}","templated":true}]}}