{"id":11800,"date":"2022-07-12T15:39:04","date_gmt":"2022-07-12T18:39:04","guid":{"rendered":"http:\/\/dgospel.com.br\/portal\/?p=11800"},"modified":"2022-07-12T15:39:05","modified_gmt":"2022-07-12T18:39:05","slug":"ex-juiz-sergio-moro-decide-ser-candidato-ao-senado-pelo-parana","status":"publish","type":"post","link":"https:\/\/dgospel.com.br\/portal\/index.php\/2022\/07\/12\/ex-juiz-sergio-moro-decide-ser-candidato-ao-senado-pelo-parana\/","title":{"rendered":"Ex-juiz Sergio Moro decide ser candidato ao Senado pelo Paran\u00e1"},"content":{"rendered":"\n<p>A primeira disputa eleitoral do ex-juiz federal e ex-ministro\u00a0<a rel=\"noreferrer noopener\" href=\"http:\/\/pleno.news\/tag\/sergio-moro\" target=\"_blank\">Sergio Moro<\/a>\u00a0(UNI\u00c3O) ser\u00e1 por uma vaga ao Senado pelo\u00a0<a rel=\"noreferrer noopener\" href=\"http:\/\/pleno.news\/tag\/parana\" target=\"_blank\">Paran\u00e1<\/a>. Quase um m\u00eas ap\u00f3s anunciar que seria candidato pelo estado, ele acabou com o suspense sobre o cargo e confirmou a pr\u00e9-candidatura na manh\u00e3 desta ter\u00e7a-feira (12) em entrevista coletiva em um hotel, no Centro de Curitiba.<\/p>\n\n\n\n<p>\u2013 Sou pr\u00e9-candidato ao Senado pelo Paran\u00e1, a minha terra \u2013 disse Moro, em um v\u00eddeo logo na abertura do evento.<\/p>\n\n\n\n<p>Moro estava ao lado do presidente do diret\u00f3rio municipal do Uni\u00e3o Brasil, o deputado federal Ney Leprevost. Os presidentes estadual e nacional do partido, os deputados Felipe Francischini e Luciano Bivar, n\u00e3o estiveram presentes. Francischini teve um problema de sa\u00fade e precisou de atendimento m\u00e9dico antes da coletiva.<\/p>\n\n\n\n<p>Na disputa ao Senado, as pesquisas eleitorais j\u00e1 divulgadas apontam que o ex-juiz e o senador Alvaro Dias (PODEMOS) brigam pela vaga. Entre a \u00faltima semana de junho e a primeira de julho, tr\u00eas pesquisas de institutos diferentes mostraram que o cen\u00e1rio est\u00e1 indefinido para o Senado.<\/p>\n\n\n\n<p>A diferen\u00e7a entre os dois pr\u00e9-candidatos oscila entre 7% e 10% das inten\u00e7\u00f5es de voto. Moro apareceu \u00e0 frente apenas no levantamento do Real Time Big Data, com 30% a 23% sobre Dias. A pesquisa Ipespe mostrou Dias na dianteira, 31% a 24%. J\u00e1 o levantamento da IRG Pesquisas indicou que o atual senador est\u00e1 com 32%, contra 22% do ex-juiz.<\/p>\n\n\n\n<p>A sondagem do Ipespe mediu tamb\u00e9m a rejei\u00e7\u00e3o dos candidatos ao Senado no Paran\u00e1. Moro lidera com 31% daqueles que n\u00e3o votariam \u201cde jeito nenhum\u201d. Dias aparece em terceiro, atr\u00e1s de Dr. Rosinha (PT), com 17%. Outro fator a ser considerados nas pesquisas \u00e9 a quantidade de indecisos e daqueles que n\u00e3o votariam nos pr\u00e9-candidatos apresentados, que varia de 20% a 30%.<\/p>\n\n\n\n<p>Alvaro Dias articulou a entrada de Moro no Podemos, ainda antes da mudan\u00e7a do ex-ministro para o Uni\u00e3o Brasil, no fim de mar\u00e7o. Tr\u00eas meses e meio depois de desistir da candidatura \u00e0 Presid\u00eancia, que era apoiada pelo senador, o ex-juiz vai disputar contra o \u201cpadrinho pol\u00edtico\u201d.<\/p>\n\n\n\n<p>No m\u00eas passado, entre a poss\u00edvel corrida pelo Planalto, como representante da chamada terceira via, e a pr\u00e9-candidatura ao Senado pelo Paran\u00e1, Moro viu frustrados os planos de se candidatar a uma vaga no Congresso por S\u00e3o Paulo. Ele teve a transfer\u00eancia de domic\u00edlio eleitoral negada pelo Tribunal Superior Eleitoral (TSE), por n\u00e3o ter v\u00ednculo com o estado.<\/p>\n\n\n\n<p>O ex-ministro nasceu em Maring\u00e1 (PR) e foi o respons\u00e1vel por julgamentos da Opera\u00e7\u00e3o Lava Jato como juiz federal de primeira inst\u00e2ncia, de 2014 a 2018. Depois, deixou a magistratura para assumir o Minist\u00e9rio da Justi\u00e7a do rec\u00e9m-eleito, \u00e0 \u00e9poca, presidente Jair Bolsonaro. Moro anunciou a sa\u00edda do cargo em maio de 2020.<\/p>\n\n\n\n<p>*AE<\/p>\n","protected":false},"excerpt":{"rendered":"<p>A primeira disputa eleitoral do ex-juiz federal e ex-ministro\u00a0Sergio Moro\u00a0(UNI\u00c3O) ser\u00e1 por uma vaga ao Senado pelo\u00a0Paran\u00e1. Quase um m\u00eas ap\u00f3s anunciar que seria candidato pelo estado, ele acabou com o suspense sobre o cargo e confirmou a pr\u00e9-candidatura na manh\u00e3 desta ter\u00e7a-feira (12) em entrevista coletiva em um hotel, no Centro de Curitiba. \u2013 [&hellip;]<\/p>\n","protected":false},"author":2,"featured_media":11801,"comment_status":"open","ping_status":"open","sticky":false,"template":"","format":"standard","meta":[],"categories":[4],"tags":[14],"_links":{"self":[{"href":"https:\/\/dgospel.com.br\/portal\/index.php\/wp-json\/wp\/v2\/posts\/11800"}],"collection":[{"href":"https:\/\/dgospel.com.br\/portal\/index.php\/wp-json\/wp\/v2\/posts"}],"about":[{"href":"https:\/\/dgospel.com.br\/portal\/index.php\/wp-json\/wp\/v2\/types\/post"}],"author":[{"embeddable":true,"href":"https:\/\/dgospel.com.br\/portal\/index.php\/wp-json\/wp\/v2\/users\/2"}],"replies":[{"embeddable":true,"href":"https:\/\/dgospel.com.br\/portal\/index.php\/wp-json\/wp\/v2\/comments?post=11800"}],"version-history":[{"count":1,"href":"https:\/\/dgospel.com.br\/portal\/index.php\/wp-json\/wp\/v2\/posts\/11800\/revisions"}],"predecessor-version":[{"id":11802,"href":"https:\/\/dgospel.com.br\/portal\/index.php\/wp-json\/wp\/v2\/posts\/11800\/revisions\/11802"}],"wp:featuredmedia":[{"embeddable":true,"href":"https:\/\/dgospel.com.br\/portal\/index.php\/wp-json\/wp\/v2\/media\/11801"}],"wp:attachment":[{"href":"https:\/\/dgospel.com.br\/portal\/index.php\/wp-json\/wp\/v2\/media?parent=11800"}],"wp:term":[{"taxonomy":"category","embeddable":true,"href":"https:\/\/dgospel.com.br\/portal\/index.php\/wp-json\/wp\/v2\/categories?post=11800"},{"taxonomy":"post_tag","embeddable":true,"href":"https:\/\/dgospel.com.br\/portal\/index.php\/wp-json\/wp\/v2\/tags?post=11800"}],"curies":[{"name":"wp","href":"https:\/\/api.w.org\/{rel}","templated":true}]}}