{"id":11821,"date":"2022-07-14T10:21:43","date_gmt":"2022-07-14T13:21:43","guid":{"rendered":"http:\/\/dgospel.com.br\/portal\/?p=11821"},"modified":"2022-07-14T10:21:44","modified_gmt":"2022-07-14T13:21:44","slug":"precisamos-olhar-para-os-caminhoneiros-e-para-quem-paga-um-preco-absurdo-sobre-os-combustiveis-defende-eli-borges-sobre-pec-15","status":"publish","type":"post","link":"https:\/\/dgospel.com.br\/portal\/index.php\/2022\/07\/14\/precisamos-olhar-para-os-caminhoneiros-e-para-quem-paga-um-preco-absurdo-sobre-os-combustiveis-defende-eli-borges-sobre-pec-15\/","title":{"rendered":"&#8220;Precisamos olhar para os caminhoneiros e para quem paga um pre\u00e7o absurdo sobre os combust\u00edveis&#8221;, defende Eli Borges sobre PEC 15"},"content":{"rendered":"\n<p>O texto-base da PEC do Estado de Emerg\u00eancia (PEC 15\/22) foi a provado em primeiro turno nesta ter\u00e7a-feira (12) pelo plen\u00e1rio da C\u00e2mara dos Deputados. Entre outras medidas, a proposta ir\u00e1 aumentar benef\u00edcios sociais, ampliando a compra de alimentos para pessoas de baixa renda, al\u00e9m de diminuir tributos do etanol e conceder ajuda financeira a caminhoneiros e taxistas.<\/p>\n\n\n\n<p>O deputado federal Eli Borges (PL-TO) que votou a favor da PEC, usou a tribuna na C\u00e2mara dos Deputados para destacar que trabalha em nome de milh\u00f5es de brasileiros e trabalhadores decentes que querem um respaldo, uma resposta do parlamento. \u201cDefendemos aqueles que pagam impostos absurdos na quest\u00e3o do combust\u00edvel, e aqueles que fazem o transporte das riquezas do pa\u00eds que s\u00e3o os nossos caminheiros\u201d afirmou o deputado.<\/p>\n\n\n\n<p>Em resposta \u00e0 esquerda que tentou tumultuar a vota\u00e7\u00e3o e impedir a aprova\u00e7\u00e3o da PEC, Eli Borges subiu o tom: \u201cn\u00e3o adianta a esquerda insistir dizendo n\u00f3s estamos aqui fazendo pol\u00edtica eleitoreira. H\u00e1 um tempo para fazer as coisas, e esse \u00e9 um tempo que a demanda e a necessidade ordenaram que n\u00f3s parlamentares do Brasil, aqui em Bras\u00edlia estiv\u00e9ssemos apostos. A resposta do parlamento para o Brasil \u00e9 sim&#8221;, arrematou o parlamentar.<\/p>\n","protected":false},"excerpt":{"rendered":"<p>O texto-base da PEC do Estado de Emerg\u00eancia (PEC 15\/22) foi a provado em primeiro turno nesta ter\u00e7a-feira (12) pelo plen\u00e1rio da C\u00e2mara dos Deputados. Entre outras medidas, a proposta ir\u00e1 aumentar benef\u00edcios sociais, ampliando a compra de alimentos para pessoas de baixa renda, al\u00e9m de diminuir tributos do etanol e conceder ajuda financeira a [&hellip;]<\/p>\n","protected":false},"author":2,"featured_media":11822,"comment_status":"open","ping_status":"open","sticky":false,"template":"","format":"standard","meta":[],"categories":[8],"tags":[],"_links":{"self":[{"href":"https:\/\/dgospel.com.br\/portal\/index.php\/wp-json\/wp\/v2\/posts\/11821"}],"collection":[{"href":"https:\/\/dgospel.com.br\/portal\/index.php\/wp-json\/wp\/v2\/posts"}],"about":[{"href":"https:\/\/dgospel.com.br\/portal\/index.php\/wp-json\/wp\/v2\/types\/post"}],"author":[{"embeddable":true,"href":"https:\/\/dgospel.com.br\/portal\/index.php\/wp-json\/wp\/v2\/users\/2"}],"replies":[{"embeddable":true,"href":"https:\/\/dgospel.com.br\/portal\/index.php\/wp-json\/wp\/v2\/comments?post=11821"}],"version-history":[{"count":1,"href":"https:\/\/dgospel.com.br\/portal\/index.php\/wp-json\/wp\/v2\/posts\/11821\/revisions"}],"predecessor-version":[{"id":11823,"href":"https:\/\/dgospel.com.br\/portal\/index.php\/wp-json\/wp\/v2\/posts\/11821\/revisions\/11823"}],"wp:featuredmedia":[{"embeddable":true,"href":"https:\/\/dgospel.com.br\/portal\/index.php\/wp-json\/wp\/v2\/media\/11822"}],"wp:attachment":[{"href":"https:\/\/dgospel.com.br\/portal\/index.php\/wp-json\/wp\/v2\/media?parent=11821"}],"wp:term":[{"taxonomy":"category","embeddable":true,"href":"https:\/\/dgospel.com.br\/portal\/index.php\/wp-json\/wp\/v2\/categories?post=11821"},{"taxonomy":"post_tag","embeddable":true,"href":"https:\/\/dgospel.com.br\/portal\/index.php\/wp-json\/wp\/v2\/tags?post=11821"}],"curies":[{"name":"wp","href":"https:\/\/api.w.org\/{rel}","templated":true}]}}