{"id":11824,"date":"2022-07-14T10:25:50","date_gmt":"2022-07-14T13:25:50","guid":{"rendered":"http:\/\/dgospel.com.br\/portal\/?p=11824"},"modified":"2022-07-14T10:25:51","modified_gmt":"2022-07-14T13:25:51","slug":"pacheco-se-reune-com-lula-e-diz-que-sua-mae-votava-no-petista","status":"publish","type":"post","link":"https:\/\/dgospel.com.br\/portal\/index.php\/2022\/07\/14\/pacheco-se-reune-com-lula-e-diz-que-sua-mae-votava-no-petista\/","title":{"rendered":"Pacheco se re\u00fane com Lula e diz que sua m\u00e3e votava no petista"},"content":{"rendered":"\n<p>O presidente do Senado Federal, Rodrigo Pacheco (PSD-MG), almo\u00e7ou com o pr\u00e9-candidato do PT \u00e0 Presid\u00eancia da Rep\u00fablica, Luiz In\u00e1cio Lula da Silva, nesta quarta-feira (13), em Bras\u00edlia. No encontro, o senador declarou que sua m\u00e3e era eleitora do petista. A informa\u00e7\u00e3o foi confirmada pelo colunista Valdo Cruz, da GloboNews.<\/p>\n\n\n\n<p>Pacheco relatou ao ex-presidente os coment\u00e1rios que a m\u00e3e, Marta Maria Soares, hoje j\u00e1 falecida, fazia na elei\u00e7\u00e3o de 2002. Segundo o presidente do Senado, a m\u00e3e comentava: \u201cEu acho que agora \u00e9 hora do Lula, temos de dar uma chance a ele\u201d. O relato arrancou risos de Lula.<\/p>\n\n\n\n<p>O presidente do Senado chegou a se lan\u00e7ar como pr\u00e9-candidato \u00e0 Presid\u00eancia da Rep\u00fablica neste ano, mas desistiu para seguir no comando do Congresso. Pacheco declarou inclusive que, caso haja algum risco para as elei\u00e7\u00f5es, far\u00e1 defesa enf\u00e1tica da democracia e atuar\u00e1 para garantir o respeito \u00e0 Constitui\u00e7\u00e3o.<\/p>\n\n\n\n<p>Pacheco afirmou ainda que os l\u00edderes das pesquisas, Lula e Bolsonaro, que t\u00eam hoje apoio de 70% do eleitorado, devem pregar a paz, a toler\u00e2ncia e o respeito \u00e0s opini\u00f5es divergentes.<\/p>\n\n\n\n<p>A reuni\u00e3o em Bras\u00edlia foi solicitada a Pacheco por aliados de Lula, que \u00e9 pr\u00e9-candidato ao Planalto neste ano. Tamb\u00e9m compareceram ao encontro o pr\u00e9-candidato a vice na chapa de Lula, Geraldo Alckmin (PSB), e parlamentares do PT, do MDB e do PSD.<\/p>\n","protected":false},"excerpt":{"rendered":"<p>O presidente do Senado Federal, Rodrigo Pacheco (PSD-MG), almo\u00e7ou com o pr\u00e9-candidato do PT \u00e0 Presid\u00eancia da Rep\u00fablica, Luiz In\u00e1cio Lula da Silva, nesta quarta-feira (13), em Bras\u00edlia. No encontro, o senador declarou que sua m\u00e3e era eleitora do petista. A informa\u00e7\u00e3o foi confirmada pelo colunista Valdo Cruz, da GloboNews. Pacheco relatou ao ex-presidente os [&hellip;]<\/p>\n","protected":false},"author":2,"featured_media":11825,"comment_status":"open","ping_status":"open","sticky":false,"template":"","format":"standard","meta":[],"categories":[4],"tags":[14],"_links":{"self":[{"href":"https:\/\/dgospel.com.br\/portal\/index.php\/wp-json\/wp\/v2\/posts\/11824"}],"collection":[{"href":"https:\/\/dgospel.com.br\/portal\/index.php\/wp-json\/wp\/v2\/posts"}],"about":[{"href":"https:\/\/dgospel.com.br\/portal\/index.php\/wp-json\/wp\/v2\/types\/post"}],"author":[{"embeddable":true,"href":"https:\/\/dgospel.com.br\/portal\/index.php\/wp-json\/wp\/v2\/users\/2"}],"replies":[{"embeddable":true,"href":"https:\/\/dgospel.com.br\/portal\/index.php\/wp-json\/wp\/v2\/comments?post=11824"}],"version-history":[{"count":1,"href":"https:\/\/dgospel.com.br\/portal\/index.php\/wp-json\/wp\/v2\/posts\/11824\/revisions"}],"predecessor-version":[{"id":11826,"href":"https:\/\/dgospel.com.br\/portal\/index.php\/wp-json\/wp\/v2\/posts\/11824\/revisions\/11826"}],"wp:featuredmedia":[{"embeddable":true,"href":"https:\/\/dgospel.com.br\/portal\/index.php\/wp-json\/wp\/v2\/media\/11825"}],"wp:attachment":[{"href":"https:\/\/dgospel.com.br\/portal\/index.php\/wp-json\/wp\/v2\/media?parent=11824"}],"wp:term":[{"taxonomy":"category","embeddable":true,"href":"https:\/\/dgospel.com.br\/portal\/index.php\/wp-json\/wp\/v2\/categories?post=11824"},{"taxonomy":"post_tag","embeddable":true,"href":"https:\/\/dgospel.com.br\/portal\/index.php\/wp-json\/wp\/v2\/tags?post=11824"}],"curies":[{"name":"wp","href":"https:\/\/api.w.org\/{rel}","templated":true}]}}