{"id":11827,"date":"2022-07-14T14:25:01","date_gmt":"2022-07-14T17:25:01","guid":{"rendered":"http:\/\/dgospel.com.br\/portal\/?p=11827"},"modified":"2022-07-14T14:25:03","modified_gmt":"2022-07-14T17:25:03","slug":"pec-dos-beneficios-saiba-quais-deputados-votaram-contra","status":"publish","type":"post","link":"https:\/\/dgospel.com.br\/portal\/index.php\/2022\/07\/14\/pec-dos-beneficios-saiba-quais-deputados-votaram-contra\/","title":{"rendered":"PEC dos Benef\u00edcios: Saiba quais deputados votaram contra"},"content":{"rendered":"\n<p>A Proposta de Emenda \u00e0 Constitui\u00e7\u00e3o (<a rel=\"noreferrer noopener\" href=\"http:\/\/pleno.news\/tag\/pec\" target=\"_blank\">PEC<\/a>) que amplia e institui benef\u00edcios sociais foi aprovada na\u00a0<a rel=\"noreferrer noopener\" href=\"http:\/\/pleno.news\/tag\/camara-dos-deputados\" target=\"_blank\">C\u00e2mara dos Deputados<\/a>\u00a0nesta quarta-feira (13). No primeiro turno, o placar foi de 393 votos favor\u00e1veis a 14 contr\u00e1rios. J\u00e1 no segundo turno, o texto recebeu a aprova\u00e7\u00e3o de 469 deputados e foi rejeitado por 17. Era necess\u00e1rio que 308 dos 513 deputados da Casa votassem a favor da PEC.<\/p>\n\n\n\n<p>Todos os destaques foram rejeitados, como o de retirar o termo \u201cestado de emerg\u00eancia\u201d, solicitado pelo PT, ou de estender a validade do Aux\u00edlio Brasil de R$ 600. Com a conclus\u00e3o da an\u00e1lise em segundo turno, a PEC ser\u00e1 promulgada pelo Congresso Nacional.<\/p>\n\n\n\n<p>Entre outros pontos, a PEC aumenta o valor do Aux\u00edlio Brasil, amplia o Aux\u00edlio G\u00e1s e cria um \u201cvoucher\u201d para os caminhoneiros. De acordo com o texto, todos os benef\u00edcios acabam em dezembro. Na C\u00e2mara, a proposta foi unificada a outra j\u00e1 em andamento, a PEC dos Biocombust\u00edveis, o que acelerou a tramita\u00e7\u00e3o do texto.<\/p>\n\n\n\n<p>Confira abaixo quais deputados votaram contra a PEC:<\/p>\n\n\n\n<p><strong>PRIMEIRO TURNO<br><\/strong>Adriana Ventura (NOVO-SP)<br>Alexis Fonteyne (NOVO-SP)<br>Felipe Rigoni (UNI\u00c3O-ES)<br>Frei Anastacio Ribeiro (PT-PB)<br>Gilson Marques (NOVO-SC)<br>Guiga Peixoto (PSC-SP)<br>Joice Hasselmann (PSDB-SP)<br>Kim Kataguiri (UNI\u00c3O-SP)<br>Lucas Gonzalez (NOVO-MG)<br>Marcel van Hattem (NOVO-RS)<br>Marcelo Calero (PSD-RJ)<br>Pedro Paulo (PSD-RJ)<br>Tiago Mitraud (NOVO-MG)<br>Vinicius Poit (NOVO-SP)<strong><\/strong><\/p>\n\n\n\n<p><strong>SEGUNDO TURNO<\/strong><br>Adriana Ventura (NOVO-SP)<br>Alexis Fonteyne (NOVO-SP)<br>Felipe Rigoni (UNI\u00c3O-ES)<br>Frei Anastacio Ribeiro (PT-PB)<br>Gilson Marques (NOVO-SC)<br>Guiga Peixoto (PSC-SP)<br>Joice Hasselmann (PSDB-SP)<br>J\u00fanior Bozzella (UNI\u00c3O-SP)<br>Kim Kataguiri (UNI\u00c3O-SP)<br>Lucas Gonzalez (NOVO-MG)<br>Marcel van Hattem (NOVO-RS)<br>Marcelo Calero (PSD-RJ)<br>Paulo Ganime (NOVO-RJ)<br>Pedro Cunha Lima (PSDB-PB)<br>Professora Dayane Pimentel (UNI\u00c3O-BA)<br>Tiago Mitraud (NOVO-MG)<br>Vinicius Poit (NOVO-SP)<\/p>\n","protected":false},"excerpt":{"rendered":"<p>A Proposta de Emenda \u00e0 Constitui\u00e7\u00e3o (PEC) que amplia e institui benef\u00edcios sociais foi aprovada na\u00a0C\u00e2mara dos Deputados\u00a0nesta quarta-feira (13). No primeiro turno, o placar foi de 393 votos favor\u00e1veis a 14 contr\u00e1rios. J\u00e1 no segundo turno, o texto recebeu a aprova\u00e7\u00e3o de 469 deputados e foi rejeitado por 17. Era necess\u00e1rio que 308 dos [&hellip;]<\/p>\n","protected":false},"author":2,"featured_media":11828,"comment_status":"open","ping_status":"open","sticky":false,"template":"","format":"standard","meta":[],"categories":[8],"tags":[],"_links":{"self":[{"href":"https:\/\/dgospel.com.br\/portal\/index.php\/wp-json\/wp\/v2\/posts\/11827"}],"collection":[{"href":"https:\/\/dgospel.com.br\/portal\/index.php\/wp-json\/wp\/v2\/posts"}],"about":[{"href":"https:\/\/dgospel.com.br\/portal\/index.php\/wp-json\/wp\/v2\/types\/post"}],"author":[{"embeddable":true,"href":"https:\/\/dgospel.com.br\/portal\/index.php\/wp-json\/wp\/v2\/users\/2"}],"replies":[{"embeddable":true,"href":"https:\/\/dgospel.com.br\/portal\/index.php\/wp-json\/wp\/v2\/comments?post=11827"}],"version-history":[{"count":1,"href":"https:\/\/dgospel.com.br\/portal\/index.php\/wp-json\/wp\/v2\/posts\/11827\/revisions"}],"predecessor-version":[{"id":11829,"href":"https:\/\/dgospel.com.br\/portal\/index.php\/wp-json\/wp\/v2\/posts\/11827\/revisions\/11829"}],"wp:featuredmedia":[{"embeddable":true,"href":"https:\/\/dgospel.com.br\/portal\/index.php\/wp-json\/wp\/v2\/media\/11828"}],"wp:attachment":[{"href":"https:\/\/dgospel.com.br\/portal\/index.php\/wp-json\/wp\/v2\/media?parent=11827"}],"wp:term":[{"taxonomy":"category","embeddable":true,"href":"https:\/\/dgospel.com.br\/portal\/index.php\/wp-json\/wp\/v2\/categories?post=11827"},{"taxonomy":"post_tag","embeddable":true,"href":"https:\/\/dgospel.com.br\/portal\/index.php\/wp-json\/wp\/v2\/tags?post=11827"}],"curies":[{"name":"wp","href":"https:\/\/api.w.org\/{rel}","templated":true}]}}