{"id":11831,"date":"2022-07-18T20:00:10","date_gmt":"2022-07-18T23:00:10","guid":{"rendered":"http:\/\/dgospel.com.br\/portal\/?p=11831"},"modified":"2022-07-18T20:00:11","modified_gmt":"2022-07-18T23:00:11","slug":"lira-oposicao-procura-polemica-e-fantasma-onde-nao-existe","status":"publish","type":"post","link":"https:\/\/dgospel.com.br\/portal\/index.php\/2022\/07\/18\/lira-oposicao-procura-polemica-e-fantasma-onde-nao-existe\/","title":{"rendered":"Lira: \u2018Oposi\u00e7\u00e3o procura pol\u00eamica e fantasma onde n\u00e3o existe\u2019"},"content":{"rendered":"\n<p>O presidente da C\u00e2mara dos Deputados, Arthur Lira (PP-AL), escreveu um artigo para o jornal O Globo, publicado neste domingo (17), no qual ele fala sobre as cr\u00edticas da oposi\u00e7\u00e3o \u00e0 PEC dos benef\u00edcios. Para ele, tudo \u00e9 propiciado pelo \u201cambiente em combust\u00e3o da pr\u00e9-campanha eleitoral\u201d.<\/p>\n\n\n\n<p>\u2013 N\u00e3o fazer esfor\u00e7o no pior momento da pior crise por um curto espa\u00e7o de tempo por aqueles que mais precisam? \u00c9 claro que sim. Mas o ambiente j\u00e1 em combust\u00e3o da pr\u00e9-campanha eleitoral procura pol\u00eamicas e fantasmas onde n\u00e3o existem \u2013 escreveu.<\/p>\n\n\n\n<p>Com o t\u00edtulo&nbsp;<em>A C\u00e2mara de todos \u00e9 a C\u00e2mara do povo<\/em>, Lira faz em seu artigo uma ode ao seu compromisso com a Casa, que, segundo ele, \u00e9 dar voz para toda a C\u00e2mara.<\/p>\n\n\n\n<p>\u2013 Mas \u00e9 preciso deixar algo claro. Fui eleito com o compromisso de que n\u00e3o me afastei desde que assumi: para toda a C\u00e2mara ter voz. S\u00f3 foi poss\u00edvel alcan\u00e7armos os resultados legislativos com as margens expressivas que alcan\u00e7amos com a participa\u00e7\u00e3o de todos \u2013 afirmou.<\/p>\n\n\n\n<p>Lira apontou que a m\u00eddia concentra os holofotes sobre o presidente da C\u00e2mara, mas defendeu que n\u00e3o se faz nada sem que o plen\u00e1rio n\u00e3o queira.<\/p>\n\n\n\n<p>\u2013 [O presidente da Casa] precisa ter uma profunda sintonia com a vontade majorit\u00e1ria do plen\u00e1rio, e de sua maioria, para poder decidir \u2013 apontou o parlamentar.<\/p>\n","protected":false},"excerpt":{"rendered":"<p>O presidente da C\u00e2mara dos Deputados, Arthur Lira (PP-AL), escreveu um artigo para o jornal O Globo, publicado neste domingo (17), no qual ele fala sobre as cr\u00edticas da oposi\u00e7\u00e3o \u00e0 PEC dos benef\u00edcios. Para ele, tudo \u00e9 propiciado pelo \u201cambiente em combust\u00e3o da pr\u00e9-campanha eleitoral\u201d. \u2013 N\u00e3o fazer esfor\u00e7o no pior momento da pior [&hellip;]<\/p>\n","protected":false},"author":2,"featured_media":11832,"comment_status":"open","ping_status":"open","sticky":false,"template":"","format":"standard","meta":[],"categories":[8],"tags":[13],"_links":{"self":[{"href":"https:\/\/dgospel.com.br\/portal\/index.php\/wp-json\/wp\/v2\/posts\/11831"}],"collection":[{"href":"https:\/\/dgospel.com.br\/portal\/index.php\/wp-json\/wp\/v2\/posts"}],"about":[{"href":"https:\/\/dgospel.com.br\/portal\/index.php\/wp-json\/wp\/v2\/types\/post"}],"author":[{"embeddable":true,"href":"https:\/\/dgospel.com.br\/portal\/index.php\/wp-json\/wp\/v2\/users\/2"}],"replies":[{"embeddable":true,"href":"https:\/\/dgospel.com.br\/portal\/index.php\/wp-json\/wp\/v2\/comments?post=11831"}],"version-history":[{"count":1,"href":"https:\/\/dgospel.com.br\/portal\/index.php\/wp-json\/wp\/v2\/posts\/11831\/revisions"}],"predecessor-version":[{"id":11833,"href":"https:\/\/dgospel.com.br\/portal\/index.php\/wp-json\/wp\/v2\/posts\/11831\/revisions\/11833"}],"wp:featuredmedia":[{"embeddable":true,"href":"https:\/\/dgospel.com.br\/portal\/index.php\/wp-json\/wp\/v2\/media\/11832"}],"wp:attachment":[{"href":"https:\/\/dgospel.com.br\/portal\/index.php\/wp-json\/wp\/v2\/media?parent=11831"}],"wp:term":[{"taxonomy":"category","embeddable":true,"href":"https:\/\/dgospel.com.br\/portal\/index.php\/wp-json\/wp\/v2\/categories?post=11831"},{"taxonomy":"post_tag","embeddable":true,"href":"https:\/\/dgospel.com.br\/portal\/index.php\/wp-json\/wp\/v2\/tags?post=11831"}],"curies":[{"name":"wp","href":"https:\/\/api.w.org\/{rel}","templated":true}]}}