{"id":11837,"date":"2022-07-18T20:08:04","date_gmt":"2022-07-18T23:08:04","guid":{"rendered":"http:\/\/dgospel.com.br\/portal\/?p=11837"},"modified":"2022-07-18T20:08:04","modified_gmt":"2022-07-18T23:08:04","slug":"zambelli-fala-em-censura-apos-proibicao-de-associar-pt-ao-pcc","status":"publish","type":"post","link":"https:\/\/dgospel.com.br\/portal\/index.php\/2022\/07\/18\/zambelli-fala-em-censura-apos-proibicao-de-associar-pt-ao-pcc\/","title":{"rendered":"Zambelli fala em censura ap\u00f3s proibi\u00e7\u00e3o de associar PT ao PCC"},"content":{"rendered":"\n<p>A deputada federal Carla Zambelli se pronunciou ap\u00f3s o ministro Alexandre de Moraes, do Supremo Tribunal Federal (STF), determinar que ela exclua publica\u00e7\u00f5es que associam o ex-presidente Lula (PT) e o Partido dos Trabalhadores \u00e0 morte do ex-prefeito Celso Daniel e \u00e0 organiza\u00e7\u00e3o criminosa Primeiro Comando da Capital (PCC). Em nota, a parlamentar afirmou ser alvo de censura e pontuou que a suposta liga\u00e7\u00e3o da legenda ao PCC foi levantada pelo empres\u00e1rio Marcos Val\u00e9rio, em dela\u00e7\u00e3o homologada pelo pr\u00f3prio STF, fazendo \u201cparte do debate pol\u00edtico nacional\u201d.<\/p>\n\n\n\n<p>\u2013 A dela\u00e7\u00e3o de Marcos Val\u00e9rio sobre as liga\u00e7\u00f5es de um partido pol\u00edtico com uma fac\u00e7\u00e3o criminosa foram amplamente divulgadas na revista Veja, e fazem parte do debate pol\u00edtico nacional, que deve ser amplo e irrestrito. Enquanto deputada federal e como ativista pol\u00edtica, Carla Zambelli seguir\u00e1 levando \u00e0 popula\u00e7\u00e3o ampla informa\u00e7\u00e3o sobre irregularidades e condutas criminosas, sem ceder a qualquer tentativa de censura \u2013 escreveu Zambelli.<\/p>\n\n\n\n<p>A parlamentar tamb\u00e9m assinalou que, at\u00e9 o momento, n\u00e3o recebeu nenhuma intima\u00e7\u00e3o sobre o caso. Ela ainda defendeu o \u201cdireito ao amplo acesso \u00e0 informa\u00e7\u00e3o\u201d.<\/p>\n\n\n\n<p>\u2013 Da mesma forma que todos tem direito de defesa, a exemplo de cooperativas acusadas de lavagem de dinheiro, todos t\u00eam direito ao amplo acesso \u00e0 informa\u00e7\u00e3o. As liga\u00e7\u00f5es diretas ou indiretas do PCC com agentes p\u00fablicos, seja de qual esfera for, tanto do Judici\u00e1rio, Legislativo ou Executivo devem e ser\u00e3o sempre levadas ao conhecimento do p\u00fablico \u2013 acrescentou.<\/p>\n\n\n\n<p>Zambelli concluiu a nota dizendo lamentar \u201cmais uma tentativa de censura de apenas um lado do debate pol\u00edtico\u201d, o que, em sua avalia\u00e7\u00e3o, \u201ctraz um grande alerta para a integridade do processo eleitoral\u201d.<\/p>\n\n\n\n<p><strong>ENTENDA<\/strong><br>Em decis\u00e3o na noite deste domingo (17), o ministro Alexandre de Moraes, do Supremo Tribunal Federal (STF), determinou que 16 perfis de pol\u00edticos apoiadores do presidente Jair Bolsonaro (PL) excluam conte\u00fados que ligam o ex-presidente Lula (PT) e o Partido dos Trabalhadores \u00e0 morte do ex-prefeito Celso Daniel e \u00e0 organiza\u00e7\u00e3o criminosa Primeiro Comando da Capital (PCC). A decis\u00e3o tamb\u00e9m inclui pagamento de multa em caso de descumprimento da decis\u00e3o.<\/p>\n\n\n\n<p>Segundo ele, tratam-se de \u201cmentiras\u201d que visam \u201cpersuadir o eleitorado a acreditar que um dos pr\u00e9-candidatos e seu partido, al\u00e9m de terem participaram da morte do ex-prefeito Celso Daniel, possuem liga\u00e7\u00e3o com o crime organizado, com o fascismo e com o nazismo\u201d.<\/p>\n\n\n\n<p>Entre os apoiadores do chefe do Executivo listados na decis\u00e3o de Moraes, est\u00e3o o senador e filho do presidente, Fl\u00e1vio Bolsonaro (REPUBLICANOS), os deputados H\u00e9lio Lopes (PL), Carla Zambelli (PL), Otoni de Paula (MDB) e o assessor especial da Presid\u00eancia, Max Guilherme. O ministro estipulou multa de R$ 10 mil por dia se os conte\u00fados n\u00e3o forem exclu\u00eddos. No caso de novas publica\u00e7\u00f5es, a puni\u00e7\u00e3o \u00e9 de R$ 15 mil, conforme informa\u00e7\u00f5es do portal UOL.<\/p>\n","protected":false},"excerpt":{"rendered":"<p>A deputada federal Carla Zambelli se pronunciou ap\u00f3s o ministro Alexandre de Moraes, do Supremo Tribunal Federal (STF), determinar que ela exclua publica\u00e7\u00f5es que associam o ex-presidente Lula (PT) e o Partido dos Trabalhadores \u00e0 morte do ex-prefeito Celso Daniel e \u00e0 organiza\u00e7\u00e3o criminosa Primeiro Comando da Capital (PCC). Em nota, a parlamentar afirmou ser [&hellip;]<\/p>\n","protected":false},"author":2,"featured_media":11838,"comment_status":"open","ping_status":"open","sticky":false,"template":"","format":"standard","meta":[],"categories":[4],"tags":[14],"_links":{"self":[{"href":"https:\/\/dgospel.com.br\/portal\/index.php\/wp-json\/wp\/v2\/posts\/11837"}],"collection":[{"href":"https:\/\/dgospel.com.br\/portal\/index.php\/wp-json\/wp\/v2\/posts"}],"about":[{"href":"https:\/\/dgospel.com.br\/portal\/index.php\/wp-json\/wp\/v2\/types\/post"}],"author":[{"embeddable":true,"href":"https:\/\/dgospel.com.br\/portal\/index.php\/wp-json\/wp\/v2\/users\/2"}],"replies":[{"embeddable":true,"href":"https:\/\/dgospel.com.br\/portal\/index.php\/wp-json\/wp\/v2\/comments?post=11837"}],"version-history":[{"count":1,"href":"https:\/\/dgospel.com.br\/portal\/index.php\/wp-json\/wp\/v2\/posts\/11837\/revisions"}],"predecessor-version":[{"id":11839,"href":"https:\/\/dgospel.com.br\/portal\/index.php\/wp-json\/wp\/v2\/posts\/11837\/revisions\/11839"}],"wp:featuredmedia":[{"embeddable":true,"href":"https:\/\/dgospel.com.br\/portal\/index.php\/wp-json\/wp\/v2\/media\/11838"}],"wp:attachment":[{"href":"https:\/\/dgospel.com.br\/portal\/index.php\/wp-json\/wp\/v2\/media?parent=11837"}],"wp:term":[{"taxonomy":"category","embeddable":true,"href":"https:\/\/dgospel.com.br\/portal\/index.php\/wp-json\/wp\/v2\/categories?post=11837"},{"taxonomy":"post_tag","embeddable":true,"href":"https:\/\/dgospel.com.br\/portal\/index.php\/wp-json\/wp\/v2\/tags?post=11837"}],"curies":[{"name":"wp","href":"https:\/\/api.w.org\/{rel}","templated":true}]}}