{"id":11852,"date":"2022-07-18T20:55:25","date_gmt":"2022-07-18T23:55:25","guid":{"rendered":"http:\/\/dgospel.com.br\/portal\/?p=11852"},"modified":"2022-07-18T20:55:26","modified_gmt":"2022-07-18T23:55:26","slug":"bolsonaro-quer-auxilio-dobrado-para-caminhoneiros-em-agosto","status":"publish","type":"post","link":"https:\/\/dgospel.com.br\/portal\/index.php\/2022\/07\/18\/bolsonaro-quer-auxilio-dobrado-para-caminhoneiros-em-agosto\/","title":{"rendered":"Bolsonaro quer aux\u00edlio dobrado para caminhoneiros em agosto"},"content":{"rendered":"\n<p>O presidente Jair Bolsonaro (PL) anunciou, nesta segunda-feira (18), que o governo vai pagar na primeira quinzena de agosto duas parcelas do aux\u00edlio a caminhoneiros, avaliadas cada uma em R$ 1 mil, de uma s\u00f3 vez. O pagamento \u00e9 estipulado pela Proposta de Emenda \u00e0 Constitui\u00e7\u00e3o (PEC) dos Benef\u00edcios, aprovada na C\u00e2mara dos Deputadas e promulgada no Congresso Nacional na \u00faltima semana.<\/p>\n\n\n\n<p>Ainda segundo o pr\u00e9-candidato \u00e0 reelei\u00e7\u00e3o, o objetivo \u00e9 viabilizar, tamb\u00e9m, dois pagamentos em agosto do \u201cvoucher\u201d aos taxistas. Pela nova legisla\u00e7\u00e3o, a categoria ter\u00e1 direito a seis parcelas, mas os valores n\u00e3o s\u00e3o fixos, podendo cair at\u00e9 dezembro.<\/p>\n\n\n\n<p>Bolsonaro ainda divulgou que o aux\u00edlio financeiro para motoristas de t\u00e1xi ter\u00e1 um valor mensal de R$ 200 a R$ 300, ainda que tenha sido conseiderada insuficiente pela categoria. O benef\u00edcio consta na PEC, com um limite or\u00e7ament\u00e1rio de R$ 2 bilh\u00f5es. Os detalhes sobre o pagamento do aux\u00edlio ainda ser\u00e3o definidos em uma portaria do Minist\u00e9rio do Trabalho e Previd\u00eancia.<\/p>\n\n\n\n<p>Por outro lado, a PEC n\u00e3o definiu valores, apenas o teto da verba a ser destinada a esses profissionais at\u00e9 o fim do ano. Dessa forma, \u00e9 poss\u00edvel come\u00e7ar com R$ 1 mil e reduzir o valor da parcela, dependendo do n\u00famero total de beneficiados, explicou um integrante do alto escal\u00e3o do governo.<\/p>\n\n\n\n<p>Para pagar o aux\u00edlio, o governo vai utilizar os cadastros das prefeituras, respons\u00e1veis pela permiss\u00e3o e autoriza\u00e7\u00e3o \u00e0 presta\u00e7\u00e3o do servi\u00e7o nos munic\u00edpios. Somente ser\u00e1 beneficiado quem estiver com a licen\u00e7a em dia.<\/p>\n\n\n\n<p>Segundo dados da Federa\u00e7\u00e3o Nacional dos Taxistas (Fencavir), existem no pa\u00eds cerca de 300 mil ve\u00edculos registrados e 600 mil motoristas, entre permission\u00e1rios e auxiliares. Contudo, muitos migraram para plataforma de aplicativos ou est\u00e3o com as licen\u00e7as vencidas.<\/p>\n\n\n\n<p><strong>PIX CAMINHONEIRO<\/strong><br>Al\u00e9m dos taxistas, a portaria do Minist\u00e9rio do Trabalho vai definir o pagamento do aux\u00edlio aos caminhoneiros aut\u00f4nomos, fixado em seis parcelas de R$ 1 mil. Esses profissionais devem receber duas parcelas de uma s\u00f3 vez em agosto e posteriormente, R$ 1 mil em setembro, outubro, novembro e dezembro.<\/p>\n\n\n\n<p>No caso dos caminhoneiros, o governo vai utilizar o cadastro da Ag\u00eancia Nacional de Transportes Terrestres (ANTT). At\u00e9 maio, data de corte, foram registrados 878.308 transportadores de carga. Esses dados est\u00e3o sendo depurados, segundo uma fonte a par das discuss\u00f5es.<\/p>\n","protected":false},"excerpt":{"rendered":"<p>O presidente Jair Bolsonaro (PL) anunciou, nesta segunda-feira (18), que o governo vai pagar na primeira quinzena de agosto duas parcelas do aux\u00edlio a caminhoneiros, avaliadas cada uma em R$ 1 mil, de uma s\u00f3 vez. O pagamento \u00e9 estipulado pela Proposta de Emenda \u00e0 Constitui\u00e7\u00e3o (PEC) dos Benef\u00edcios, aprovada na C\u00e2mara dos Deputadas e [&hellip;]<\/p>\n","protected":false},"author":2,"featured_media":11853,"comment_status":"open","ping_status":"open","sticky":false,"template":"","format":"standard","meta":[],"categories":[10],"tags":[13],"_links":{"self":[{"href":"https:\/\/dgospel.com.br\/portal\/index.php\/wp-json\/wp\/v2\/posts\/11852"}],"collection":[{"href":"https:\/\/dgospel.com.br\/portal\/index.php\/wp-json\/wp\/v2\/posts"}],"about":[{"href":"https:\/\/dgospel.com.br\/portal\/index.php\/wp-json\/wp\/v2\/types\/post"}],"author":[{"embeddable":true,"href":"https:\/\/dgospel.com.br\/portal\/index.php\/wp-json\/wp\/v2\/users\/2"}],"replies":[{"embeddable":true,"href":"https:\/\/dgospel.com.br\/portal\/index.php\/wp-json\/wp\/v2\/comments?post=11852"}],"version-history":[{"count":1,"href":"https:\/\/dgospel.com.br\/portal\/index.php\/wp-json\/wp\/v2\/posts\/11852\/revisions"}],"predecessor-version":[{"id":11854,"href":"https:\/\/dgospel.com.br\/portal\/index.php\/wp-json\/wp\/v2\/posts\/11852\/revisions\/11854"}],"wp:featuredmedia":[{"embeddable":true,"href":"https:\/\/dgospel.com.br\/portal\/index.php\/wp-json\/wp\/v2\/media\/11853"}],"wp:attachment":[{"href":"https:\/\/dgospel.com.br\/portal\/index.php\/wp-json\/wp\/v2\/media?parent=11852"}],"wp:term":[{"taxonomy":"category","embeddable":true,"href":"https:\/\/dgospel.com.br\/portal\/index.php\/wp-json\/wp\/v2\/categories?post=11852"},{"taxonomy":"post_tag","embeddable":true,"href":"https:\/\/dgospel.com.br\/portal\/index.php\/wp-json\/wp\/v2\/tags?post=11852"}],"curies":[{"name":"wp","href":"https:\/\/api.w.org\/{rel}","templated":true}]}}