{"id":11858,"date":"2022-07-18T22:07:04","date_gmt":"2022-07-19T01:07:04","guid":{"rendered":"http:\/\/dgospel.com.br\/portal\/?p=11858"},"modified":"2022-07-18T22:07:05","modified_gmt":"2022-07-19T01:07:05","slug":"wanderlei-barbosa-participa-da-83a-ago-da-ciadseta-e-elogia-acoes-sociais-desenvolvidas-pelos-evangelicos","status":"publish","type":"post","link":"https:\/\/dgospel.com.br\/portal\/index.php\/2022\/07\/18\/wanderlei-barbosa-participa-da-83a-ago-da-ciadseta-e-elogia-acoes-sociais-desenvolvidas-pelos-evangelicos\/","title":{"rendered":"Wanderlei Barbosa participa da 83\u00aa AGO da CIADSETA, e elogia a\u00e7\u00f5es sociais desenvolvidas pelos evang\u00e9licos"},"content":{"rendered":"\n<p>O governador Wanderlei Barbosa (Republicanos) participou no s\u00e1bado, 16, da 83\u00aa Assembleia Geral Ordin\u00e1ria (AGO) da Conven\u00e7\u00e3o Interestadual dos Ministros das Igrejas Assembleias de Deus do Seta&nbsp;(Ciadseta), em Colinas. Ele afirmou aos cerca de 700 pastores presentes que sua gest\u00e3o \u201csempre esteve e estar\u00e1 aberta aos conselhos e sugest\u00f5es de todos, inclusive dos pastores, na busca por um Estado cada vez melhor e mais justo\u201d. \u201cN\u00e3o sou dono da verdade, sou um homem que escuta as pessoas: os mais simples, as professoras, os l\u00edderes evang\u00e9licos, enfim, todos\u201d, disse Wanderlei.<\/p>\n\n\n\n<p><strong>Evangeliza\u00e7\u00e3o e trabalho social<\/strong><\/p>\n\n\n\n<p>Ele elogiou o trabalho de evangeliza\u00e7\u00e3o e a\u00e7\u00f5es sociais desenvolvidas pelos evang\u00e9licos. \u201cN\u00f3s sabemos os trabalhos que os senhores fazem em suas cidades e comunidades; al\u00e9m da evangeliza\u00e7\u00e3o, o trabalho social, levando as pessoas para o bom caminho\u201d, disse.<\/p>\n\n\n\n<p>Barbosa tamb\u00e9m falou de sua aproxima\u00e7\u00e3o com segmento evang\u00e9lico. \u201cTenho dois irm\u00e3os pastores, minha m\u00e3e era uma mulher dedicada a Deus e a Igreja, uma das fundadoras da Assembleia de Deus em Taquaru\u00e7u. Sei o quanto os evang\u00e9licos contribuem para o bem, conduzindo \u00e0s pessoas para o bom caminho\u201d, disse.<\/p>\n","protected":false},"excerpt":{"rendered":"<p>O governador Wanderlei Barbosa (Republicanos) participou no s\u00e1bado, 16, da 83\u00aa Assembleia Geral Ordin\u00e1ria (AGO) da Conven\u00e7\u00e3o Interestadual dos Ministros das Igrejas Assembleias de Deus do Seta&nbsp;(Ciadseta), em Colinas. Ele afirmou aos cerca de 700 pastores presentes que sua gest\u00e3o \u201csempre esteve e estar\u00e1 aberta aos conselhos e sugest\u00f5es de todos, inclusive dos pastores, na [&hellip;]<\/p>\n","protected":false},"author":2,"featured_media":11859,"comment_status":"open","ping_status":"open","sticky":false,"template":"","format":"standard","meta":[],"categories":[5],"tags":[13],"_links":{"self":[{"href":"https:\/\/dgospel.com.br\/portal\/index.php\/wp-json\/wp\/v2\/posts\/11858"}],"collection":[{"href":"https:\/\/dgospel.com.br\/portal\/index.php\/wp-json\/wp\/v2\/posts"}],"about":[{"href":"https:\/\/dgospel.com.br\/portal\/index.php\/wp-json\/wp\/v2\/types\/post"}],"author":[{"embeddable":true,"href":"https:\/\/dgospel.com.br\/portal\/index.php\/wp-json\/wp\/v2\/users\/2"}],"replies":[{"embeddable":true,"href":"https:\/\/dgospel.com.br\/portal\/index.php\/wp-json\/wp\/v2\/comments?post=11858"}],"version-history":[{"count":1,"href":"https:\/\/dgospel.com.br\/portal\/index.php\/wp-json\/wp\/v2\/posts\/11858\/revisions"}],"predecessor-version":[{"id":11860,"href":"https:\/\/dgospel.com.br\/portal\/index.php\/wp-json\/wp\/v2\/posts\/11858\/revisions\/11860"}],"wp:featuredmedia":[{"embeddable":true,"href":"https:\/\/dgospel.com.br\/portal\/index.php\/wp-json\/wp\/v2\/media\/11859"}],"wp:attachment":[{"href":"https:\/\/dgospel.com.br\/portal\/index.php\/wp-json\/wp\/v2\/media?parent=11858"}],"wp:term":[{"taxonomy":"category","embeddable":true,"href":"https:\/\/dgospel.com.br\/portal\/index.php\/wp-json\/wp\/v2\/categories?post=11858"},{"taxonomy":"post_tag","embeddable":true,"href":"https:\/\/dgospel.com.br\/portal\/index.php\/wp-json\/wp\/v2\/tags?post=11858"}],"curies":[{"name":"wp","href":"https:\/\/api.w.org\/{rel}","templated":true}]}}