{"id":11864,"date":"2022-07-19T11:47:44","date_gmt":"2022-07-19T14:47:44","guid":{"rendered":"http:\/\/dgospel.com.br\/portal\/?p=11864"},"modified":"2022-07-19T11:47:45","modified_gmt":"2022-07-19T14:47:45","slug":"palmas-e-uma-das-cinco-cidades-da-amazonia-legal-a-receber-programa-do-banco-mundial","status":"publish","type":"post","link":"https:\/\/dgospel.com.br\/portal\/index.php\/2022\/07\/19\/palmas-e-uma-das-cinco-cidades-da-amazonia-legal-a-receber-programa-do-banco-mundial\/","title":{"rendered":"Palmas \u00e9 uma das cinco cidades da Amaz\u00f4nia Legal a receber Programa do Banco Mundial"},"content":{"rendered":"\n<p>Palmas \u00e9 uma das cinco cidades da Amaz\u00f4nia Legal escolhidas para receber o Programa de Fortalecimento de Capacidades para a Promo\u00e7\u00e3o das Constru\u00e7\u00f5es, realizada pela International Finance Corporation (IFC), que \u00e9 um dos bra\u00e7os do Banco Mundial \u2013 World Bank Group &#8211; e apoiada pela C\u00e2mara Brasileira da Ind\u00fastria da Constru\u00e7\u00e3o (CBIC). As cidades contempladas receber\u00e3o uma consultoria gratuita sobre edifica\u00e7\u00f5es sustent\u00e1veis e inteligentes como pol\u00edtica p\u00fablica municipal.<\/p>\n\n\n\n<p>O presidente da Funda\u00e7\u00e3o Municipal de Meio Ambiente, Carlos Braga, ressaltou que Palmas foi escolhida por j\u00e1 ter em sua rotina programas e a\u00e7\u00f5es voltados para a sustentabilidade. \u201cN\u00f3s j\u00e1 temos o programa Palmas Solar, que concede incentivos fiscais para propriet\u00e1rios de im\u00f3veis que utilizam energia solar em suas resid\u00eancias. N\u00f3s vamos agora avan\u00e7ar mais ainda, fazer dessa cidade realmente sustent\u00e1vel, reduzir os n\u00edveis de emiss\u00e3o de carbono; Palmas ser\u00e1 um exemplo\u201d, afirmou.<\/p>\n\n\n\n<p>O presidente interino do Instituto Municipal de Planejamento Urbanos de Palmas (Impup) Giovanni Assis, explicou que a consultoria da IFC vai possibilitar a Palmas adotar uma pol\u00edtica urban\u00edstica mais focada em edifica\u00e7\u00f5es sustent\u00e1veis e \u2018verdes\u2019, em todos os n\u00edveis. \u201cDesde as moradias populares, at\u00e9 empreendimentos de alto padr\u00e3o executados pela iniciativa privada\u201d, destacou.&nbsp;<\/p>\n\n\n\n<p>Assis disse que essa \u00e9 uma oportunidade de grande relev\u00e2ncia, uma vez que o programa chega na hora que Palmas inicia a sua revis\u00e3o da Lei de Parcelamento e Uso do Solo. \u201cEsta lei trata exatamente de como a gente pode usar o solo urbano dessa cidade consolidada, portanto, ocupar as novas terras que ainda n\u00e3o foram ocupadas. Por isso essa discuss\u00e3o \u00e9 fundamental; nos permite come\u00e7ar o processo de forma que nossas edifica\u00e7\u00f5es j\u00e1 nas\u00e7am inteligentes na coletividade. A nossa lei j\u00e1 segue esse princ\u00edpio da sustentabilidade, mas obviamente que a partir das boas pr\u00e1ticas internacionais, a gente pode melhorar as nossas experi\u00eancias\u201d, afirmou.<\/p>\n\n\n\n<p>No entanto, Assis lembrou que o maior gerador desses impactos s\u00e3o realmente os grandes equipamentos e lembrou que a ado\u00e7\u00e3o das constru\u00e7\u00f5es inteligentes podem receber incentivos de v\u00e1rias formas, que v\u00e3o de incentivos fiscais at\u00e9 aos n\u00e3o tribut\u00e1veis. \u201cO munic\u00edpio pode incrementar ent\u00e3o sua legisla\u00e7\u00e3o para que Palmas comece a ser mais inteligente na constru\u00e7\u00e3o de seus edif\u00edcios.\u201d<\/p>\n\n\n\n<p><strong>Escolha<\/strong><\/p>\n\n\n\n<p>De acordo com o membro da \u00e1rea de Opera\u00e7\u00f5es da IFC, Alexandre Aebi, a sele\u00e7\u00e3o das cidades participantes respondeu a indicadores como condi\u00e7\u00e3o financeira saud\u00e1vel, que \u00e9 um \u00edndice do Banco Central que atesta a capacidade de pagamento do Munic\u00edpio; dados do Instituto Brasileiro de Geografia e Estat\u00edsticas (IBGE), que indicaram popula\u00e7\u00e3o, potencial de prosperidade social e ainda o \u00cdndice de Desenvolvimento Humano (IDH) e a qualidade da infraestrutura.<\/p>\n\n\n\n<p><br>Al\u00e9m de Palmas, est\u00e3o recebendo o Programa as capitais Bel\u00e9m (PA). Rio Branco (AC), Porto Velho (RO) e Manaus (AM). Ele explicou que o desenvolvimento da consultoria leva entre quatro e seis meses. \u201cEsse processo \u00e9 inteiro, funcional e operacional, mas claro, existe um acompanhamento do nosso lado. A gente fez essa apresenta\u00e7\u00e3o com dados da Col\u00f4mbia e do Peru, que j\u00e1 fizeram essa implementa\u00e7\u00e3o e hoje, mantemos o contato com os munic\u00edpios, mas no longo prazo, a ideia \u00e9 que isso funcione de maneira operacional, sempre trocando atualiza\u00e7\u00f5es e discutindo a necessidade de algum reajuste que for necess\u00e1rio\u201d, explicou Aebi, acrescentando que no entanto \u00e9 importante que a prefeitura tome conta e se apodere dos instrumentos para incentivar constru\u00e7\u00f5es sustent\u00e1veis.<\/p>\n\n\n\n<p><strong>EDGE<\/strong><\/p>\n\n\n\n<p>Um dos trabalhos da consultoria, apresentado como uma inova\u00e7\u00e3o da IFC, \u00e9 o EDGE (www.edgebuildings.com), ferramenta que auxilia incorporadoras a constru\u00edrem e receberem o selo verde de maneira r\u00e1pida, f\u00e1cil e economicamente vi\u00e1vel. O EDGE tem como base um software gratuito que incentiva solu\u00e7\u00f5es para reduzir o uso de \u00e1gua, energia el\u00e9trica e da energia utilizada na produ\u00e7\u00e3o dos materiais de constru\u00e7\u00e3o em pelo menos 20%, padr\u00e3o para a certifica\u00e7\u00e3o EDGE. O programa recebeu o apoio da \u00c1ustria, Canad\u00e1, Dinamarca, Programa de Assist\u00eancia \u00e0 Gest\u00e3o do Setor de Energia (ESMAP), Uni\u00e3o Europeia (EU), Finl\u00e2ndia, Fundo Global para o Meio Ambiente (GEF), Hungria, Jap\u00e3o, Su\u00ed\u00e7a e Reino Unido.<\/p>\n\n\n\n<p>A IFC explica que reconhece que existe uma janela de oportunidade para moldar as cidades resilientes do futuro, onde mais de 70% da popula\u00e7\u00e3o mundial viver\u00e1 at\u00e9 2050. As cidades de hoje j\u00e1 respondem por 70% das emiss\u00f5es de G\u00e1s de Efeito Estufa (GEE). Ao criar um sistema de certifica\u00e7\u00e3o de edif\u00edcios verdes para economias emergentes, a IFC aborda as mudan\u00e7as clim\u00e1ticas e, ao mesmo tempo, ajuda a aumentar a prosperidade por meio da constru\u00e7\u00e3o de edif\u00edcios com custos operacionais aprimorados.&nbsp;<em>(Com informa\u00e7\u00f5es da IFC Brasil)<\/em><\/p>\n","protected":false},"excerpt":{"rendered":"<p>Palmas \u00e9 uma das cinco cidades da Amaz\u00f4nia Legal escolhidas para receber o Programa de Fortalecimento de Capacidades para a Promo\u00e7\u00e3o das Constru\u00e7\u00f5es, realizada pela International Finance Corporation (IFC), que \u00e9 um dos bra\u00e7os do Banco Mundial \u2013 World Bank Group &#8211; e apoiada pela C\u00e2mara Brasileira da Ind\u00fastria da Constru\u00e7\u00e3o (CBIC). As cidades contempladas [&hellip;]<\/p>\n","protected":false},"author":2,"featured_media":11865,"comment_status":"open","ping_status":"open","sticky":false,"template":"","format":"standard","meta":[],"categories":[3],"tags":[13],"_links":{"self":[{"href":"https:\/\/dgospel.com.br\/portal\/index.php\/wp-json\/wp\/v2\/posts\/11864"}],"collection":[{"href":"https:\/\/dgospel.com.br\/portal\/index.php\/wp-json\/wp\/v2\/posts"}],"about":[{"href":"https:\/\/dgospel.com.br\/portal\/index.php\/wp-json\/wp\/v2\/types\/post"}],"author":[{"embeddable":true,"href":"https:\/\/dgospel.com.br\/portal\/index.php\/wp-json\/wp\/v2\/users\/2"}],"replies":[{"embeddable":true,"href":"https:\/\/dgospel.com.br\/portal\/index.php\/wp-json\/wp\/v2\/comments?post=11864"}],"version-history":[{"count":1,"href":"https:\/\/dgospel.com.br\/portal\/index.php\/wp-json\/wp\/v2\/posts\/11864\/revisions"}],"predecessor-version":[{"id":11866,"href":"https:\/\/dgospel.com.br\/portal\/index.php\/wp-json\/wp\/v2\/posts\/11864\/revisions\/11866"}],"wp:featuredmedia":[{"embeddable":true,"href":"https:\/\/dgospel.com.br\/portal\/index.php\/wp-json\/wp\/v2\/media\/11865"}],"wp:attachment":[{"href":"https:\/\/dgospel.com.br\/portal\/index.php\/wp-json\/wp\/v2\/media?parent=11864"}],"wp:term":[{"taxonomy":"category","embeddable":true,"href":"https:\/\/dgospel.com.br\/portal\/index.php\/wp-json\/wp\/v2\/categories?post=11864"},{"taxonomy":"post_tag","embeddable":true,"href":"https:\/\/dgospel.com.br\/portal\/index.php\/wp-json\/wp\/v2\/tags?post=11864"}],"curies":[{"name":"wp","href":"https:\/\/api.w.org\/{rel}","templated":true}]}}