{"id":11875,"date":"2022-07-19T12:15:31","date_gmt":"2022-07-19T15:15:31","guid":{"rendered":"http:\/\/dgospel.com.br\/portal\/?p=11875"},"modified":"2022-07-19T12:17:04","modified_gmt":"2022-07-19T15:17:04","slug":"pre-candidato-a-deputado-gipao-marcara-presenca-na-83a-ago-da-ciadseta-em-colinas","status":"publish","type":"post","link":"https:\/\/dgospel.com.br\/portal\/index.php\/2022\/07\/19\/pre-candidato-a-deputado-gipao-marcara-presenca-na-83a-ago-da-ciadseta-em-colinas\/","title":{"rendered":"Pr\u00e9-candidato a deputado, Gip\u00e3o marcara presen\u00e7a na 83\u00aa AGO da CIADSETA em Colinas"},"content":{"rendered":"\n<p>O pr\u00e9-candidato a deputado estadual, Aldair Costa Sousa (Gip\u00e3o), pelo PL de Bolsonaro,&nbsp;participou da 83\u00aa Assembleia Geral Ordin\u00e1ria (AGO) da conven\u00e7\u00e3o CIADSETA. O evento foi realizado em&nbsp;Colinas do Tocantins, tendo o pastor Adalberto Leite e a mission\u00e1ria Isabel Cristina como anfitri\u00f5es.<\/p>\n\n\n\n<p>O encontro de Ministros reuniu mais de 700 pastores da Assembleia de Deus de todo o estado. Gip\u00e3o, juntamente com pr\u00e9-candidato a governador, Ronaldo Dimas, foi recebido e apresentado pelos l\u00edderes da CIADSETA, o pastor Paulo Martins e a mission\u00e1ria Rosilene Rosa.<\/p>\n\n\n\n<p><\/p>\n\n\n\n<figure class=\"wp-block-image size-large\"><img loading=\"lazy\" width=\"1024\" height=\"768\" src=\"http:\/\/dgospel.com.br\/portal\/wp-content\/uploads\/2022\/07\/000000000-2-1024x768.jpg\" alt=\"\" class=\"wp-image-11879\" srcset=\"https:\/\/dgospel.com.br\/portal\/wp-content\/uploads\/2022\/07\/000000000-2-1024x768.jpg 1024w, https:\/\/dgospel.com.br\/portal\/wp-content\/uploads\/2022\/07\/000000000-2-300x225.jpg 300w, https:\/\/dgospel.com.br\/portal\/wp-content\/uploads\/2022\/07\/000000000-2-768x576.jpg 768w, https:\/\/dgospel.com.br\/portal\/wp-content\/uploads\/2022\/07\/000000000-2-1536x1152.jpg 1536w, https:\/\/dgospel.com.br\/portal\/wp-content\/uploads\/2022\/07\/000000000-2.jpg 1600w\" sizes=\"(max-width: 1024px) 100vw, 1024px\" \/><\/figure>\n\n\n\n<p>&#8220;Foi uma grande satisfa\u00e7\u00e3o, para mim, passar esses dias junto com esses homens e mulheres de Deus. Conhe\u00e7o a realidade, os desafios e as dificuldades enfrentadas por esses obreiros do evangelho. Sempre acompanhei de perto a vida ministerial de meu saudoso pai, Jos\u00e9 Modesto. O mais importante \u00e9 que tamb\u00e9m reconhe\u00e7o a import\u00e2ncia desses homens para a nossa sociedade. Foi honroso para mim, receber o apoio desses ministros para ser pr\u00e9-candidato a deputado estadual desta igreja. Hoje, um ano depois, perceber o mesmo carinho e empolga\u00e7\u00e3o \u00e9 muito gratificante. Meu desejo \u00e9 continuar somando. Agrade\u00e7o a Deus e oro para que Ele, em sua infinita gra\u00e7a,&nbsp;recompense nosso trabalho e esfor\u00e7o com a vit\u00f3ria&#8221;, afirmou Aldair.<\/p>\n\n\n\n<p><strong>Entenda<\/strong><\/p>\n\n\n\n<p>No ano passado, o ex-vereador e a cantora Rosilene Martins foram escolhidos como pr\u00e9-candidatos a deputados da conven\u00e7\u00e3o Ciadseta. Na ocasi\u00e3o Gip\u00e3o obteve 51% dos votos, e a cantora Rosilene Martins 38%.<\/p>\n\n\n\n<p><strong>Hist\u00f3rico Pol\u00edtico<\/strong><\/p>\n\n\n\n<p>Criado em lar crist\u00e3o e filho de evangelista, Gip\u00e3o sempre se colocou como porta-voz da comunidade evang\u00e9lica, desenvolvendo o importante trabalho de representar o povo Deus no \u00e2mbito pol\u00edtico.<\/p>\n\n\n\n<p>Como parlamentar, lutou e&nbsp;conseguiu isen\u00e7\u00e3o de impostos para templos religiosos. Durante cinco mandatos o l\u00edder destacou-se como grande apoiador de eventos gospel, a exemplo da Marcha Para Jesus. Al\u00e9m de tudo isso, durante a pandemia defendeu de maneira incisiva a liberdade de culto e fortaleceu confian\u00e7a dos l\u00edderes religiosos em seu trabalho.<\/p>\n","protected":false},"excerpt":{"rendered":"<p>O pr\u00e9-candidato a deputado estadual, Aldair Costa Sousa (Gip\u00e3o), pelo PL de Bolsonaro,&nbsp;participou da 83\u00aa Assembleia Geral Ordin\u00e1ria (AGO) da conven\u00e7\u00e3o CIADSETA. O evento foi realizado em&nbsp;Colinas do Tocantins, tendo o pastor Adalberto Leite e a mission\u00e1ria Isabel Cristina como anfitri\u00f5es. O encontro de Ministros reuniu mais de 700 pastores da Assembleia de Deus de [&hellip;]<\/p>\n","protected":false},"author":2,"featured_media":11871,"comment_status":"open","ping_status":"open","sticky":false,"template":"","format":"standard","meta":[],"categories":[5],"tags":[13],"_links":{"self":[{"href":"https:\/\/dgospel.com.br\/portal\/index.php\/wp-json\/wp\/v2\/posts\/11875"}],"collection":[{"href":"https:\/\/dgospel.com.br\/portal\/index.php\/wp-json\/wp\/v2\/posts"}],"about":[{"href":"https:\/\/dgospel.com.br\/portal\/index.php\/wp-json\/wp\/v2\/types\/post"}],"author":[{"embeddable":true,"href":"https:\/\/dgospel.com.br\/portal\/index.php\/wp-json\/wp\/v2\/users\/2"}],"replies":[{"embeddable":true,"href":"https:\/\/dgospel.com.br\/portal\/index.php\/wp-json\/wp\/v2\/comments?post=11875"}],"version-history":[{"count":2,"href":"https:\/\/dgospel.com.br\/portal\/index.php\/wp-json\/wp\/v2\/posts\/11875\/revisions"}],"predecessor-version":[{"id":11880,"href":"https:\/\/dgospel.com.br\/portal\/index.php\/wp-json\/wp\/v2\/posts\/11875\/revisions\/11880"}],"wp:featuredmedia":[{"embeddable":true,"href":"https:\/\/dgospel.com.br\/portal\/index.php\/wp-json\/wp\/v2\/media\/11871"}],"wp:attachment":[{"href":"https:\/\/dgospel.com.br\/portal\/index.php\/wp-json\/wp\/v2\/media?parent=11875"}],"wp:term":[{"taxonomy":"category","embeddable":true,"href":"https:\/\/dgospel.com.br\/portal\/index.php\/wp-json\/wp\/v2\/categories?post=11875"},{"taxonomy":"post_tag","embeddable":true,"href":"https:\/\/dgospel.com.br\/portal\/index.php\/wp-json\/wp\/v2\/tags?post=11875"}],"curies":[{"name":"wp","href":"https:\/\/api.w.org\/{rel}","templated":true}]}}