{"id":11884,"date":"2022-07-22T15:52:16","date_gmt":"2022-07-22T18:52:16","guid":{"rendered":"http:\/\/dgospel.com.br\/portal\/?p=11884"},"modified":"2022-07-22T15:52:17","modified_gmt":"2022-07-22T18:52:17","slug":"manifesto-assinado-por-14-mil-advogados-defende-bolsonaro","status":"publish","type":"post","link":"https:\/\/dgospel.com.br\/portal\/index.php\/2022\/07\/22\/manifesto-assinado-por-14-mil-advogados-defende-bolsonaro\/","title":{"rendered":"Manifesto assinado por 1,4 mil advogados defende Bolsonaro"},"content":{"rendered":"\n<p>Uma nota assinada por um grupo de 1,4 mil advogados nesta quinta-feira (21) manifestou apoio ao presidente&nbsp;<a href=\"http:\/\/pleno.news\/tag\/jair-bolsonaro\" target=\"_blank\" rel=\"noreferrer noopener\">Jair Bolsonaro<\/a>&nbsp;e defendeu o chefe do Executivo de ataques sofridos por ele em raz\u00e3o de suas opini\u00f5es, especialmente as relacionadas ao sistema eleitoral brasileiro. No conte\u00fado, os profissionais protestam contra o que chamam de \u201cescalada autorit\u00e1ria\u201d de \u201ctecnocratas militantes\u201d.<\/p>\n\n\n\n<p>Na nota, os advogados afirmam que Bolsonaro estaria sofrendo \u201cviol\u00eancia ret\u00f3rica e pol\u00edtica\u201d, \u201cataques com acusa\u00e7\u00f5es infundadas e sem justa causa\u201d, \u201cpersegui\u00e7\u00e3o pol\u00edtica de uma oposi\u00e7\u00e3o destrutiva\u201d, \u201cass\u00e9dio moral que desumaniza a sua condi\u00e7\u00e3o de ser humano\u201d, \u201ccrimes contra sua honra\u201d, e \u201cass\u00e9dio processual com ajuizamento de a\u00e7\u00f5es de cunho pol\u00edtico-ideol\u00f3gico\u201d.<\/p>\n\n\n\n<p>\u2013 Passaram a imputar ao presidente do Brasil, a fr\u00e1gil e d\u00e9bil acusa\u00e7\u00e3o de que estaria cometendo crimes de responsabilidade, atentado \u00e0 democracia, animosidade entre as For\u00e7as Armadas, propaganda eleitoral negativa e antecipada, abuso do poder econ\u00f4mico, improbidade administrativa e outras ila\u00e7\u00f5es despudoradas \u2013 destacam.<\/p>\n\n\n\n<p>Os signat\u00e1rios do manifesto ainda dizem entender que n\u00e3o h\u00e1, da parte de Bolsonaro, qualquer indicativo de \u201catos il\u00edcitos ensejadores de abertura de processo penal, ou de cunho pol\u00edtico-administrativo para abertura de processo de impeachment\u201d em virtude da apresenta\u00e7\u00e3o feita aos embaixadores, na \u00faltima segunda-feira (18), sobre o sistema eleitoral.<\/p>\n\n\n\n<p>\u2013 Sequer houve ofensa \u00e0 lei eleitoral, porquanto, a express\u00e3o de opini\u00f5es cr\u00edticas por parte do chefe do Poder Executivo \u00e9 um direito garantido na Constitui\u00e7\u00e3o Federal \u2013 lembram.<\/p>\n\n\n\n<p>Os advogados que assinam a nota tamb\u00e9m ressaltam que qualquer ato no sentido de restringir, limitar e impedir que Bolsonaro manifeste seus questionamentos a respeito do sistema eleitoral representa \u201ccensura pr\u00e9via\u201d e \u201ccrime de opini\u00e3o\u201d, algo que \u00e9 inexistente no Estado de Direito brasileiro.<\/p>\n\n\n\n<p>\u2013 Os burocratas elitistas que vivem incrustados em seus gabinetes com ar-condicionado ou trabalhando em home office, fora do Brasil, demonstram n\u00e3o saber o que \u00e9 um povo livre em uma democracia popular. Este povo livre encontra-se mobilizado em apoio ao presidente da Rep\u00fablica Jair Messias Bolsonaro \u2013 apontam.<\/p>\n\n\n\n<p>Ao final, o grupo convocou o povo brasileiro a \u201csair em defesa do Presidente Jair Bolsonaro nas redes sociais, nos grupos de WhatsApp e Telegram, nos bairros, nas comunidades, nas ruas, nas mobiliza\u00e7\u00f5es patri\u00f3ticas, nas reuni\u00f5es de fam\u00edlias, nas igrejas e em todo e qualquer lugar em que haja um cidad\u00e3o livre\u201d.<\/p>\n\n\n\n<p>\u2013 As elites de gabinetes n\u00e3o falam em nome da democracia e n\u00e3o falam em nome do povo brasileiro \u2013 completaram.<\/p>\n\n\n\n<p><a href=\"https:\/\/static.cdn.pleno.news\/2022\/07\/NOTA-DE-APOIO-em-defesa-do-Presidente-do-Brasil-Jair-Bolsonaro-21-de-Julho-de-2022.pdf\">Leia aqui<\/a>, na \u00edntegra, a nota emitida pelo grupo de advogados.<\/p>\n\n\n\n<p><\/p>\n","protected":false},"excerpt":{"rendered":"<p>Uma nota assinada por um grupo de 1,4 mil advogados nesta quinta-feira (21) manifestou apoio ao presidente&nbsp;Jair Bolsonaro&nbsp;e defendeu o chefe do Executivo de ataques sofridos por ele em raz\u00e3o de suas opini\u00f5es, especialmente as relacionadas ao sistema eleitoral brasileiro. No conte\u00fado, os profissionais protestam contra o que chamam de \u201cescalada autorit\u00e1ria\u201d de \u201ctecnocratas militantes\u201d. [&hellip;]<\/p>\n","protected":false},"author":2,"featured_media":11885,"comment_status":"open","ping_status":"open","sticky":false,"template":"","format":"standard","meta":[],"categories":[4],"tags":[13],"_links":{"self":[{"href":"https:\/\/dgospel.com.br\/portal\/index.php\/wp-json\/wp\/v2\/posts\/11884"}],"collection":[{"href":"https:\/\/dgospel.com.br\/portal\/index.php\/wp-json\/wp\/v2\/posts"}],"about":[{"href":"https:\/\/dgospel.com.br\/portal\/index.php\/wp-json\/wp\/v2\/types\/post"}],"author":[{"embeddable":true,"href":"https:\/\/dgospel.com.br\/portal\/index.php\/wp-json\/wp\/v2\/users\/2"}],"replies":[{"embeddable":true,"href":"https:\/\/dgospel.com.br\/portal\/index.php\/wp-json\/wp\/v2\/comments?post=11884"}],"version-history":[{"count":1,"href":"https:\/\/dgospel.com.br\/portal\/index.php\/wp-json\/wp\/v2\/posts\/11884\/revisions"}],"predecessor-version":[{"id":11886,"href":"https:\/\/dgospel.com.br\/portal\/index.php\/wp-json\/wp\/v2\/posts\/11884\/revisions\/11886"}],"wp:featuredmedia":[{"embeddable":true,"href":"https:\/\/dgospel.com.br\/portal\/index.php\/wp-json\/wp\/v2\/media\/11885"}],"wp:attachment":[{"href":"https:\/\/dgospel.com.br\/portal\/index.php\/wp-json\/wp\/v2\/media?parent=11884"}],"wp:term":[{"taxonomy":"category","embeddable":true,"href":"https:\/\/dgospel.com.br\/portal\/index.php\/wp-json\/wp\/v2\/categories?post=11884"},{"taxonomy":"post_tag","embeddable":true,"href":"https:\/\/dgospel.com.br\/portal\/index.php\/wp-json\/wp\/v2\/tags?post=11884"}],"curies":[{"name":"wp","href":"https:\/\/api.w.org\/{rel}","templated":true}]}}