{"id":11887,"date":"2022-07-22T16:04:47","date_gmt":"2022-07-22T19:04:47","guid":{"rendered":"http:\/\/dgospel.com.br\/portal\/?p=11887"},"modified":"2022-07-22T16:05:01","modified_gmt":"2022-07-22T19:05:01","slug":"bolsonaro-faturou-mais-que-lula-com-apoio-de-anitta-ao-petista","status":"publish","type":"post","link":"https:\/\/dgospel.com.br\/portal\/index.php\/2022\/07\/22\/bolsonaro-faturou-mais-que-lula-com-apoio-de-anitta-ao-petista\/","title":{"rendered":"Bolsonaro faturou mais que Lula com apoio de Anitta ao petista"},"content":{"rendered":"\n<p>No \u00faltimo dia 11, Anitta declarou seu voto no ex-presidente Luiz In\u00e1cio Lula da Silva (PT) no primeiro turno das elei\u00e7\u00f5es presidenciais em outubro deste ano. A cantora j\u00e1 deixou bem claro que n\u00e3o votaria pela reelei\u00e7\u00e3o do presidente Jair Bolsonaro (PL). No entanto, um levantamento apontou que o atual chefe do Executivo faturou mais que Lula com a declara\u00e7\u00e3o de apoio da cantora ao petista. As informa\u00e7\u00f5es s\u00e3o da coluna de Lauro Jardim, do jornal O Globo.<\/p>\n\n\n\n<p>O levantamento in\u00e9dito foi feito por pesquisadores da PUC-RJ, da UFF e da UFPR. Eles se basearam em conte\u00fados publicados no TikTok, YouTube e Facebook, na \u00faltima semana.<\/p>\n\n\n\n<p>\u2013 A pesquisa comparou v\u00eddeos protagonizados pelos presidenci\u00e1veis nas tr\u00eas plataformas e turbinados em audi\u00eancia por seus admiradores \u2013 reportou a coluna.<\/p>\n\n\n\n<p>Por meio das redes sociais, Bolsonaro reagiu ao apoio de Anitta a Lula. Ele teve 7,2 milh\u00f5es de visualiza\u00e7\u00f5es no TikTok, em sua pr\u00f3pria conta, contra 292,4 mil do petista. O atual presidente da Rep\u00fablica tamb\u00e9m teve mais curtidas, compartilhamentos e coment\u00e1rios.<\/p>\n\n\n\n<p>A pesquisa foi assinada por Marcelo Alves (professor do Departamento de Comunica\u00e7\u00e3o da PUC-RJ); Luiza Mello (doutoranda em Comunica\u00e7\u00e3o pela UFF) e Djiovanni Marioto (doutorando em Ci\u00eancia Pol\u00edtica pela UFPR), que fazem parte do coletivo&nbsp;<em>Democracia em Xeque<\/em>.<\/p>\n\n\n\n<figure class=\"wp-block-image\"><img src=\"https:\/\/static.cdn.pleno.news\/2022\/07\/Screenshot-2022-07-21T171535.895.png\" alt=\"\" class=\"wp-image-981368\"\/><\/figure>\n","protected":false},"excerpt":{"rendered":"<p>No \u00faltimo dia 11, Anitta declarou seu voto no ex-presidente Luiz In\u00e1cio Lula da Silva (PT) no primeiro turno das elei\u00e7\u00f5es presidenciais em outubro deste ano. A cantora j\u00e1 deixou bem claro que n\u00e3o votaria pela reelei\u00e7\u00e3o do presidente Jair Bolsonaro (PL). No entanto, um levantamento apontou que o atual chefe do Executivo faturou mais [&hellip;]<\/p>\n","protected":false},"author":2,"featured_media":11888,"comment_status":"open","ping_status":"open","sticky":false,"template":"","format":"standard","meta":[],"categories":[4],"tags":[13,14],"_links":{"self":[{"href":"https:\/\/dgospel.com.br\/portal\/index.php\/wp-json\/wp\/v2\/posts\/11887"}],"collection":[{"href":"https:\/\/dgospel.com.br\/portal\/index.php\/wp-json\/wp\/v2\/posts"}],"about":[{"href":"https:\/\/dgospel.com.br\/portal\/index.php\/wp-json\/wp\/v2\/types\/post"}],"author":[{"embeddable":true,"href":"https:\/\/dgospel.com.br\/portal\/index.php\/wp-json\/wp\/v2\/users\/2"}],"replies":[{"embeddable":true,"href":"https:\/\/dgospel.com.br\/portal\/index.php\/wp-json\/wp\/v2\/comments?post=11887"}],"version-history":[{"count":1,"href":"https:\/\/dgospel.com.br\/portal\/index.php\/wp-json\/wp\/v2\/posts\/11887\/revisions"}],"predecessor-version":[{"id":11889,"href":"https:\/\/dgospel.com.br\/portal\/index.php\/wp-json\/wp\/v2\/posts\/11887\/revisions\/11889"}],"wp:featuredmedia":[{"embeddable":true,"href":"https:\/\/dgospel.com.br\/portal\/index.php\/wp-json\/wp\/v2\/media\/11888"}],"wp:attachment":[{"href":"https:\/\/dgospel.com.br\/portal\/index.php\/wp-json\/wp\/v2\/media?parent=11887"}],"wp:term":[{"taxonomy":"category","embeddable":true,"href":"https:\/\/dgospel.com.br\/portal\/index.php\/wp-json\/wp\/v2\/categories?post=11887"},{"taxonomy":"post_tag","embeddable":true,"href":"https:\/\/dgospel.com.br\/portal\/index.php\/wp-json\/wp\/v2\/tags?post=11887"}],"curies":[{"name":"wp","href":"https:\/\/api.w.org\/{rel}","templated":true}]}}