{"id":1189,"date":"2018-09-04T00:11:43","date_gmt":"2018-09-04T03:11:43","guid":{"rendered":"http:\/\/dgospel.com.br\/portal\/?p=1189"},"modified":"2018-09-04T00:11:43","modified_gmt":"2018-09-04T03:11:43","slug":"cameras-de-seguranca-flagraram-os-momentos-de-terror-vividos-pela-familia-pastor-wesley-lemos","status":"publish","type":"post","link":"https:\/\/dgospel.com.br\/portal\/index.php\/2018\/09\/04\/cameras-de-seguranca-flagraram-os-momentos-de-terror-vividos-pela-familia-pastor-wesley-lemos\/","title":{"rendered":"C\u00e2meras de seguran\u00e7a flagraram os momentos de terror vividos pela fam\u00edlia pastor Wesley Lemos"},"content":{"rendered":"<p>C\u00e2meras de seguran\u00e7a flagraram os momentos de terror vividos pela fam\u00edlia do pastor Wesley de Sousa Lemos em Aparecida do Rio Negro, na regi\u00e3o central do Tocantins, na madrugada desta segunda-feira (3). O v\u00eddeo mostra o momento em que\u00a0<a style=\"font-style: inherit;\" href=\"https:\/\/g1.globo.com\/to\/tocantins\/noticia\/2018\/09\/03\/quadrilha-e-presa-apos-invadir-casa-e-fazer-familia-de-pastor-refem-durante-roubo.ghtml\"><strong>uma quadrilha de assaltantes entra na casa<\/strong><\/a>\u00a0e vai para o quarto onde duas crian\u00e7as dormiam.<\/p>\n<p><img loading=\"lazy\" class=\"alignnone size-medium wp-image-1191\" src=\"http:\/\/dgospel.com.br\/portal\/wp-content\/uploads\/2018\/09\/vitima-percebe-300x137.jpg\" alt=\"\" width=\"300\" height=\"137\" srcset=\"https:\/\/dgospel.com.br\/portal\/wp-content\/uploads\/2018\/09\/vitima-percebe-300x137.jpg 300w, https:\/\/dgospel.com.br\/portal\/wp-content\/uploads\/2018\/09\/vitima-percebe-768x352.jpg 768w, https:\/\/dgospel.com.br\/portal\/wp-content\/uploads\/2018\/09\/vitima-percebe.jpg 1000w\" sizes=\"(max-width: 300px) 100vw, 300px\" \/><\/p>\n<p style=\"font-style: inherit; font-weight: inherit;\" data-track-category=\"Link no Texto\" data-track-links=\"\">Na sequ\u00eancia, o pai acorda e se surpreende ao perceber que a casa foi invadida por pessoas armadas. Ele tenta se trancar em outro quarto, mas os criminosos derrubam a porta dando chutes e rendem a todos.<\/p>\n<p>&#8220;Quando eles entenderam que eu era pastor e que eles estavam na casa de um pastor eles s\u00f3 disseram que estavam na casa errada. Amea\u00e7aram que se n\u00f3s n\u00e3o colaborassemos iam matar a gente&#8221;, diz Lemos.<\/p>\n<p style=\"font-style: inherit; font-weight: inherit;\" data-track-category=\"Link no Texto\" data-track-links=\"\">Depois de v\u00e1rios minutos de muita viol\u00eancia, os ladr\u00f5es deixam o local com celulares, eletr\u00f4nicos, dinheiro e outros equipamentos. Horas depois, cinco suspeitos foram presos e um menor apreendido pela Pol\u00edcia Militar. Ningu\u00e9m ficou ferido.<\/p>\n<p data-track-category=\"Link no Texto\" data-track-links=\"\"><img loading=\"lazy\" class=\"alignnone size-medium wp-image-1192\" src=\"http:\/\/dgospel.com.br\/portal\/wp-content\/uploads\/2018\/09\/porta-1-300x137.jpg\" alt=\"\" width=\"300\" height=\"137\" srcset=\"https:\/\/dgospel.com.br\/portal\/wp-content\/uploads\/2018\/09\/porta-1-300x137.jpg 300w, https:\/\/dgospel.com.br\/portal\/wp-content\/uploads\/2018\/09\/porta-1-768x350.jpg 768w, https:\/\/dgospel.com.br\/portal\/wp-content\/uploads\/2018\/09\/porta-1.jpg 997w\" sizes=\"(max-width: 300px) 100vw, 300px\" \/><\/p>\n<h2 class=\"share__subtitle\">globoplay.globo.com\/v\/6993485\/<\/h2>\n<p>Fonte:\u00a0TV Anhanguera<\/p>\n<p>&nbsp;<\/p>\n","protected":false},"excerpt":{"rendered":"<p>C\u00e2meras de seguran\u00e7a flagraram os momentos de terror vividos pela fam\u00edlia do pastor Wesley de Sousa Lemos em Aparecida do Rio Negro, na regi\u00e3o central do Tocantins, na madrugada desta segunda-feira (3). O v\u00eddeo mostra o momento em que\u00a0uma quadrilha de assaltantes entra na casa\u00a0e vai para o quarto onde duas crian\u00e7as dormiam. Na sequ\u00eancia, [&hellip;]<\/p>\n","protected":false},"author":2,"featured_media":1190,"comment_status":"open","ping_status":"open","sticky":false,"template":"","format":"standard","meta":[],"categories":[2,5],"tags":[],"_links":{"self":[{"href":"https:\/\/dgospel.com.br\/portal\/index.php\/wp-json\/wp\/v2\/posts\/1189"}],"collection":[{"href":"https:\/\/dgospel.com.br\/portal\/index.php\/wp-json\/wp\/v2\/posts"}],"about":[{"href":"https:\/\/dgospel.com.br\/portal\/index.php\/wp-json\/wp\/v2\/types\/post"}],"author":[{"embeddable":true,"href":"https:\/\/dgospel.com.br\/portal\/index.php\/wp-json\/wp\/v2\/users\/2"}],"replies":[{"embeddable":true,"href":"https:\/\/dgospel.com.br\/portal\/index.php\/wp-json\/wp\/v2\/comments?post=1189"}],"version-history":[{"count":1,"href":"https:\/\/dgospel.com.br\/portal\/index.php\/wp-json\/wp\/v2\/posts\/1189\/revisions"}],"predecessor-version":[{"id":1193,"href":"https:\/\/dgospel.com.br\/portal\/index.php\/wp-json\/wp\/v2\/posts\/1189\/revisions\/1193"}],"wp:featuredmedia":[{"embeddable":true,"href":"https:\/\/dgospel.com.br\/portal\/index.php\/wp-json\/wp\/v2\/media\/1190"}],"wp:attachment":[{"href":"https:\/\/dgospel.com.br\/portal\/index.php\/wp-json\/wp\/v2\/media?parent=1189"}],"wp:term":[{"taxonomy":"category","embeddable":true,"href":"https:\/\/dgospel.com.br\/portal\/index.php\/wp-json\/wp\/v2\/categories?post=1189"},{"taxonomy":"post_tag","embeddable":true,"href":"https:\/\/dgospel.com.br\/portal\/index.php\/wp-json\/wp\/v2\/tags?post=1189"}],"curies":[{"name":"wp","href":"https:\/\/api.w.org\/{rel}","templated":true}]}}