{"id":11897,"date":"2022-07-22T16:38:25","date_gmt":"2022-07-22T19:38:25","guid":{"rendered":"http:\/\/dgospel.com.br\/portal\/?p=11897"},"modified":"2022-07-22T16:38:27","modified_gmt":"2022-07-22T19:38:27","slug":"governo-publica-lei-com-novas-regras-para-diagnostico-e-atendimento-de-autistas-no-to","status":"publish","type":"post","link":"https:\/\/dgospel.com.br\/portal\/index.php\/2022\/07\/22\/governo-publica-lei-com-novas-regras-para-diagnostico-e-atendimento-de-autistas-no-to\/","title":{"rendered":"Governo publica lei com novas regras para diagn\u00f3stico e atendimento de autistas no TO"},"content":{"rendered":"\n<p>Foi sancionada nesta quinta-feira (21) uma lei estadual que trata sobre pol\u00edticas p\u00fablicas para o diagn\u00f3stico e atendimento multiprofissional de pessoas com Transtorno do Espectro Autista (TEA) no Tocantins. O texto foi assinado pelo governador Wanderlei Barbosa (Republicanos) e est\u00e1 valendo.<\/p>\n\n\n\n<p>O texto estabelece que o sistema de sa\u00fade prestar\u00e1 aten\u00e7\u00e3o integral, mas n\u00e3o h\u00e1 a\u00e7\u00f5es pr\u00e1ticas descrita. O governo afirmou que a Secretaria de Estado da Sa\u00fade (SES), j\u00e1 realiza atendimentos ao p\u00fablico, mas com a nova norma ser\u00e1 poss\u00edvel ampliar a oferta.<\/p>\n\n\n\n<p>Conforme a nova lei, o sistema de sa\u00fade do Tocantins dever\u00e1 atender as seguintes diretrizes:<\/p>\n\n\n\n<ul><li>Desenvolvimento de programas e a\u00e7\u00f5es que visem diagnosticar precocemente o Transtorno do Espectro Autista (TEA) de modo a permitir a indica\u00e7\u00e3o antecipada ao tratamento;<\/li><li>Desenvolvimento e participa\u00e7\u00e3o da fam\u00edlia da pessoa com autismo na defini\u00e7\u00e3o e controle das a\u00e7\u00f5es e servi\u00e7os de sa\u00fade, nos termos da Constitui\u00e7\u00e3o Federal e da Constitui\u00e7\u00e3o Estadual;<\/li><li>Apoio a pesquisa e ao desenvolvimento tecnol\u00f3gico e cient\u00edfico voltados tanto ao aspecto da detec\u00e7\u00e3o precoce, quanto ao tratamento de base terap\u00eautica e medicamentos quando se fizer necess\u00e1rio;<\/li><li>Disponibiliza\u00e7\u00e3o de equipe multi e interdisciplinar para tratamento m\u00e9dico nas \u00e1reas de pediatria, neurologia, psiquiatria e odontologia; e de tratamentos n\u00e3o m\u00e9dicos nas \u00e1reas de: psic\u00f3logo, fonoaudi\u00f3logo terapeuta ocupacional, profissional de educa\u00e7\u00e3o f\u00edsica, fisioterapeuta e orienta\u00e7\u00e3o familiar e de inclus\u00e3o social;<\/li><li>Direito \u00e0 medica\u00e7\u00e3o;<\/li><li>Desenvolvimento de instrumento de informa\u00e7\u00f5es, an\u00e1lise, avalia\u00e7\u00e3o e controle dos servi\u00e7os de sa\u00fade abertos a participa\u00e7\u00e3o da sociedade.<\/li><\/ul>\n\n\n\n<p>O texto tamb\u00e9m diz que o poder p\u00fablico poder\u00e1 firmar conv\u00eanio com entidades cl\u00ednicas e as a\u00e7\u00f5es que forem realizadas dever\u00e3o se basear nas novas diretrizes.<\/p>\n\n\n\n<h2>Atendimento<\/h2>\n\n\n\n<p>O Tocantins possui Centros Especializados de Reabilita\u00e7\u00e3o (CER) em Palmas, Colinas do Tocantins e Aragua\u00edna. Os dois primeiros s\u00e3o administrados pela gest\u00e3o estadual e o \u00faltimo pelo munic\u00edpio.<\/p>\n\n\n\n<p>Essas tr\u00eas unidades atendem pessoas com transtorno do espectro autista, ofertando atendimento multiprofissional com psiquiatra, psic\u00f3logo, fonoaudi\u00f3logo, terapeuta ocupacional, assistente social e profissional de educa\u00e7\u00e3o f\u00edsica.<\/p>\n\n\n\n<p>&#8220;Nossas unidades j\u00e1 ofertam atendimento a essas pessoas, por\u00e9m iremos ampliar as a\u00e7\u00f5es. De forma inicial o primeiro passo \u00e9 construir a linha do cuidado para o TEA, para isso a ger\u00eancia de aten\u00e7\u00e3o \u00e0 pessoa com defici\u00eancia est\u00e1 organizando uma oficina para constru\u00e7\u00e3o da mesma&#8221;, explicou gerente da \u00e1rea t\u00e9cnica da Pessoa com Defici\u00eancia da SES-TO, D\u00e9bora Cirqueira.<\/p>\n\n\n\n<p>Esse treinamento dever\u00e1 ser realizado com representantes de todos os munic\u00edpios do Tocantins, do Minist\u00e9rio da Sa\u00fade (MS), Conselhos de Secretarias Municipais de Sa\u00fade (COSEMS) e Conselho Estadual de Sa\u00fade (CES).<\/p>\n\n\n\n<h2>Esperan\u00e7a para um atendimento de qualidade<\/h2>\n\n\n\n<p>Rosa Ambr\u00f3sio de Carvalho, advogada e vice-presidente da Funda\u00e7\u00e3o Anjo Azul, que d\u00e1 apoio a fam\u00edlias com pessoas com o espectro autista, destacou a import\u00e2ncia da lei em \u00e2mbito estadual, mesmo havendo legisla\u00e7\u00e3o na esfera federal, que \u00e9 a Lei Berenice Piana, que ampara os atendimentos de sa\u00fade.<\/p>\n\n\n\n<figure class=\"wp-block-embed\"><div class=\"wp-block-embed__wrapper\">\nhttps:\/\/14bd8f3665c19f446320c3642b449d51.safeframe.googlesyndication.com\/safeframe\/1-0-38\/html\/container.html\n<\/div><\/figure>\n\n\n\n<p>&#8220;A comunidade autista recebeu essa lei com muita felicidade, porque a gente sabe que atrav\u00e9s desse passo dado pelo Governo do Tocantins \u00e9 sinal que a sa\u00fade p\u00fablica pretende mudar a inclus\u00e3o, a forma com que se trata o autismo. \u00c9 de suma import\u00e2ncia esse tratamento multiprofissional para o autismo. As fam\u00edlias recebem essa lei com muita felicidade e com a esperan\u00e7a que ela realmente seja efetivada. A gente sabe que \u00e9 uma lei que vem trazendo muita esperan\u00e7a, que ela seja regulamentada, que sejam ofertados os servi\u00e7os de forma ampla e com qualidade&#8221;, comentou.<\/p>\n\n\n\n<p>Fonte: G1\/Tocantins<\/p>\n","protected":false},"excerpt":{"rendered":"<p>Foi sancionada nesta quinta-feira (21) uma lei estadual que trata sobre pol\u00edticas p\u00fablicas para o diagn\u00f3stico e atendimento multiprofissional de pessoas com Transtorno do Espectro Autista (TEA) no Tocantins. O texto foi assinado pelo governador Wanderlei Barbosa (Republicanos) e est\u00e1 valendo. O texto estabelece que o sistema de sa\u00fade prestar\u00e1 aten\u00e7\u00e3o integral, mas n\u00e3o h\u00e1 [&hellip;]<\/p>\n","protected":false},"author":2,"featured_media":11898,"comment_status":"open","ping_status":"open","sticky":false,"template":"","format":"standard","meta":[],"categories":[3],"tags":[],"_links":{"self":[{"href":"https:\/\/dgospel.com.br\/portal\/index.php\/wp-json\/wp\/v2\/posts\/11897"}],"collection":[{"href":"https:\/\/dgospel.com.br\/portal\/index.php\/wp-json\/wp\/v2\/posts"}],"about":[{"href":"https:\/\/dgospel.com.br\/portal\/index.php\/wp-json\/wp\/v2\/types\/post"}],"author":[{"embeddable":true,"href":"https:\/\/dgospel.com.br\/portal\/index.php\/wp-json\/wp\/v2\/users\/2"}],"replies":[{"embeddable":true,"href":"https:\/\/dgospel.com.br\/portal\/index.php\/wp-json\/wp\/v2\/comments?post=11897"}],"version-history":[{"count":1,"href":"https:\/\/dgospel.com.br\/portal\/index.php\/wp-json\/wp\/v2\/posts\/11897\/revisions"}],"predecessor-version":[{"id":11899,"href":"https:\/\/dgospel.com.br\/portal\/index.php\/wp-json\/wp\/v2\/posts\/11897\/revisions\/11899"}],"wp:featuredmedia":[{"embeddable":true,"href":"https:\/\/dgospel.com.br\/portal\/index.php\/wp-json\/wp\/v2\/media\/11898"}],"wp:attachment":[{"href":"https:\/\/dgospel.com.br\/portal\/index.php\/wp-json\/wp\/v2\/media?parent=11897"}],"wp:term":[{"taxonomy":"category","embeddable":true,"href":"https:\/\/dgospel.com.br\/portal\/index.php\/wp-json\/wp\/v2\/categories?post=11897"},{"taxonomy":"post_tag","embeddable":true,"href":"https:\/\/dgospel.com.br\/portal\/index.php\/wp-json\/wp\/v2\/tags?post=11897"}],"curies":[{"name":"wp","href":"https:\/\/api.w.org\/{rel}","templated":true}]}}